{"id":2049,"date":"2011-10-21T02:18:02","date_gmt":"2011-10-21T01:18:02","guid":{"rendered":"http:\/\/www.caths.cz\/wordpress\/?p=2049"},"modified":"2011-10-21T02:18:02","modified_gmt":"2011-10-21T01:18:02","slug":"nezkusis-si-paratriatlon","status":"publish","type":"post","link":"https:\/\/www.caths.cz\/wordpress\/nezkusis-si-paratriatlon\/","title":{"rendered":"Nezkus\u00ed\u0161 si paratriatlon?"},"content":{"rendered":"<p align=\"justify\">\nParatriatlon je nejmlad\u0161\u00ed paralympijskou discipl\u00ednou, kter\u00e1 bude m\u00edt svou<br \/>\npremi\u00e9ru v roce 2016 v Rio de Janeiru. Ale u\u017e nyn\u00ed se<br \/>\nparatriatlonu piln\u011b v\u011bnuje po\u010detn\u00e1 skupina triatlet\u016f, kte\u0159\u00ed m\u011b\u0159\u00ed sv\u00e9 s\u00edly na<br \/>\nz\u00e1vodech po cel\u00e9m sv\u011bt\u011b.<\/p>\n<p align=\"justify\"> \u010cesk\u00e1 republika zat\u00edm moc z\u00e1jemc\u016f o tento n\u00e1ro\u010dn\u00fd, ale nesm\u00edrn\u011b kr\u00e1sn\u00fd sport nem\u00e1. Nicm\u00e9n\u011b se domn\u00edv\u00e1me, \u017ee je pouze v\u011bc\u00ed \u010dasu, kdy paratriatlonu propadnou handicapovan\u00ed sportovci i u n\u00e1s. <br \/><img decoding=\"async\" src=\"\/wordpress\/image\/k_clankum\/sisatriatlon.jpg\" ALIGN=\"right\" HSPACE=5 VSPACE=5\"> Ostatn\u011b u\u017e pro p\u0159\u00ed\u0161t\u00ed rok pl\u00e1nuje Sekce cyklistiky \u010cATHS za\u0159adit do kalend\u00e1\u0159e akc\u00ed jeden \u010di dva z\u00e1vody v paratriatlonu v r\u00e1mci n\u011bkter\u00e9ho z triatlonov\u00fdch z\u00e1vod\u016f pro \u0161irokou ve\u0159ejnost, kter\u00e9 se u n\u00e1s po\u0159\u00e1daj\u00ed. V\u0161e je zat\u00edm v jedn\u00e1n\u00ed, ale v p\u0159\u00edpad\u011b z\u00e1jmu by u n\u00e1s mohl vzniknout i \u010cesk\u00fd poh\u00e1r v paratriatlonu.<\/p>\n<p> Paratriatlonist\u00e9 sout\u011b\u017e\u00ed v 6 kategori\u00edch, rozd\u011blen\u00fdch podle stupn\u011b posti\u017een\u00ed. \u010castokr\u00e1t nejde o moc objektivn\u00ed klasifikaci, p\u0159edev\u0161\u00edm slou\u010den\u00ed v\u0161ech voz\u00ed\u010dk\u00e1\u0159\u016f do jedn\u00e9 kategorie je zna\u010dn\u011b diskutabiln\u00ed, ale berme v \u00favahu, \u017ee se jedn\u00e1 o velmi mlad\u00fd sport a v dohledn\u00e9 dob\u011b se jist\u011b v\u0161echny nedostatky uprav\u00ed tak, aby paratriatlon byl dostate\u010dn\u011b atraktivn\u00ed a motivuj\u00edc\u00ed pro v\u0161echny kategorie handicapovan\u00fdch sportovc\u016f.<br \/> Podle Hanky Malotinov\u00e9, kter\u00e1 je klasifik\u00e1torkou paratriatlonu, je ve v\u00fdvoji nov\u00fd syst\u00e9m klasifikac\u00ed, kter\u00fd by m\u011bl b\u00fdt funk\u010dn\u011bj\u0161\u00ed. A Hanka pro v\u00e1s tak\u00e9 p\u0159ipravila p\u0159ehled sou\u010dasn\u00fdch klasifika\u010dn\u00edch t\u0159\u00edd.<br \/> Tak co, nezkus\u00edte si paratriatlon? <\/p>\n<p> <strong> Klasifika\u010dn\u00ed t\u0159\u00eddy paratriatlonu (seskupen\u00ed profil\u016f) &#8211; vypracovala Hana Malotinov\u00e1. <\/strong><br \/> Profily jsou sjednocov\u00e1ny do t\u0159\u00edd, aby se v z\u00e1vodn\u00edch kategori\u00edch objevil dostatek \u00fa\u010dastn\u00edk\u016f s podobn\u00fdm posti\u017een\u00edm.<\/p>\n<p> <strong><font color=\"#0066CC\"> TRI 1 Voz\u00ed\u010dk\u00e1\u0159i<\/font><\/strong><br \/> &#8211; paraplegie, quadriplegie, polio, oboustrann\u00e1 amputace doln\u00edch kon\u010detin. Mus\u00ed b\u00fdt pou\u017eit handbike pro cyklistiku a formule pro b\u011bh. P\u0159i plav\u00e1n\u00ed jsou doln\u00ed kon\u010detiny sv\u00e1z\u00e1ny. <\/p>\n<p> <strong><font color=\"#0066CC\"> TRI 2 V\u00e1\u017en\u00e9 posti\u017een\u00ed doln\u00ed kon\u010detiny<\/font><\/strong><br \/> &#8211; nadkolenn\u00ed amputace. Mus\u00ed b\u00fdt pou\u017eito kolo a pro b\u011bh nadkolenn\u00ed prot\u00e9za nebo berle. <\/p>\n<p> <strong><font color=\"#0066CC\"> TRI 3 Les Autres (ostatn\u00ed)<\/font><\/strong><br \/> &#8211; nap\u0159. roztrou\u0161en\u00e1 skler\u00f3za, muskul\u00e1rn\u00ed distrofie, DMO (d\u011btsk\u00e1 mozkov\u00e1 obrna), b\u011b\u017eci s oboustrannou amputac\u00ed DKK bebo par\u00e9zou v\u00edce kon\u010detin. Z\u00e1vod\u00ed se na kole a b\u011b\u017e\u00ed se, mohou b\u00fdt pou\u017eity prot\u00e9zy nebo ort\u00e9zy. <\/p>\n<p> <strong><font color=\"#0066CC\"> TRI 4 Posti\u017een\u00ed horn\u00ed kon\u010detiny<\/font><\/strong><br \/> &#8211; par\u00e9za, nad a podloketn\u00ed amputace nebo posti\u017een\u00ed obou horn\u00edch kon\u010detin. M\u016f\u017ee b\u00fdt pou\u017eita prot\u00e9za, ort\u00e9za nebo fixa\u010dn\u00ed \u0161\u00e1tek p\u0159i b\u011bhu. <\/p>\n<p> <strong><font color=\"#0066CC\"> TRI 5 St\u0159edn\u00ed posti\u017een\u00ed doln\u00ed kon\u010detiny<\/font><\/strong><br \/> &#8211; podkolenn\u00ed amputace. J\u00edzda na kole a mo\u017enost b\u011bhu s prot\u00e9zou. <\/p>\n<p> <strong><font color=\"#0066CC\"> TRI 6 Zrakov\u011b posti\u017een\u00ed<\/font><\/strong><br \/> &#8211; nevidom\u00ed (20\/200 zraku i s korekc\u00ed). Z\u00e1vodn\u00edk mus\u00ed m\u00edt povinn\u011b tras\u00e9ra cel\u00fd z\u00e1vod. P\u0159i plav\u00e1n\u00ed jsou sv\u00e1z\u00e1ni, jedou na tandemu a mohou b\u00fdt sv\u00e1z\u00e1ni p\u0159i b\u011bhu. <\/p>\n<hr>\n<p> FOTO: Michal \u0160i\u0161ka v c\u00edli Ironmana (www.michalsiska.cz)<\/p>\n","protected":false},"excerpt":{"rendered":"<a href=\"https:\/\/www.caths.cz\/wordpress\/nezkusis-si-paratriatlon\/\"><img loading=\"lazy\" decoding=\"async\" width=\"100\" height=\"100\" src=\"https:\/\/www.caths.cz\/wordpress\/wp-content\/plugins\/thumbnail-for-excerpts\/tfe_no_thumb.png\" class=\"alignleft wp-post-image tfe\" alt=\"\" title=\"\" \/><\/a><p>Paratriatlon je nejmlad\u0161\u00ed paralympijskou discipl\u00ednou, kter\u00e1 bude m\u00edt svou premi\u00e9ru v roce 2016 v Rio de Janeiru. Ale u\u017e nyn\u00ed se paratriatlonu piln\u011b v\u011bnuje po\u010detn\u00e1 skupina triatlet\u016f, kte\u0159\u00ed m\u011b\u0159\u00ed sv\u00e9 [&hellip;]<\/p>\n","protected":false},"author":1,"featured_media":0,"comment_status":"closed","ping_status":"closed","sticky":false,"template":"","format":"standard","meta":{"ngg_post_thumbnail":0,"footnotes":""},"categories":[6],"tags":[],"class_list":["post-2049","post","type-post","status-publish","format-standard","hentry","category-caths-info"],"_links":{"self":[{"href":"https:\/\/www.caths.cz\/wordpress\/wp-json\/wp\/v2\/posts\/2049","targetHints":{"allow":["GET"]}}],"collection":[{"href":"https:\/\/www.caths.cz\/wordpress\/wp-json\/wp\/v2\/posts"}],"about":[{"href":"https:\/\/www.caths.cz\/wordpress\/wp-json\/wp\/v2\/types\/post"}],"author":[{"embeddable":true,"href":"https:\/\/www.caths.cz\/wordpress\/wp-json\/wp\/v2\/users\/1"}],"replies":[{"embeddable":true,"href":"https:\/\/www.caths.cz\/wordpress\/wp-json\/wp\/v2\/comments?post=2049"}],"version-history":[{"count":0,"href":"https:\/\/www.caths.cz\/wordpress\/wp-json\/wp\/v2\/posts\/2049\/revisions"}],"wp:attachment":[{"href":"https:\/\/www.caths.cz\/wordpress\/wp-json\/wp\/v2\/media?parent=2049"}],"wp:term":[{"taxonomy":"category","embeddable":true,"href":"https:\/\/www.caths.cz\/wordpress\/wp-json\/wp\/v2\/categories?post=2049"},{"taxonomy":"post_tag","embeddable":true,"href":"https:\/\/www.caths.cz\/wordpress\/wp-json\/wp\/v2\/tags?post=2049"}],"curies":[{"name":"wp","href":"https:\/\/api.w.org\/{rel}","templated":true}]}}