{"id":2048,"date":"2011-10-20T03:29:36","date_gmt":"2011-10-20T02:29:36","guid":{"rendered":"http:\/\/www.caths.cz\/wordpress\/?p=2048"},"modified":"2011-10-20T03:29:36","modified_gmt":"2011-10-20T02:29:36","slug":"poradatele-zverejnili-oficialni-stranky-mistrovstvi-sveta-na-draze","status":"publish","type":"post","link":"https:\/\/www.caths.cz\/wordpress\/poradatele-zverejnili-oficialni-stranky-mistrovstvi-sveta-na-draze\/","title":{"rendered":"Po\u0159adatel\u00e9 zve\u0159ejnili ofici\u00e1ln\u00ed str\u00e1nky mistrovstv\u00ed sv\u011bta na dr\u00e1ze"},"content":{"rendered":"<p align=\"justify\">\nAmerick\u00e1 metropole Los Angeles bude ve dnech 6. \u2013 12. \u00fanora d\u011bji\u0161t\u011bm vrcholn\u00e9 sout\u011b\u017ee handicapovan\u00fdch cyklist\u016f &#8211; mistrovstv\u00ed sv\u011bta.<\/p>\n<p align=\"justify\"><img decoding=\"async\" src=\"\/wordpress\/image\/k_clankum\/hala la.jpg\" ALIGN=\"right\" HSPACE=5 VSPACE=5\"> Pouh\u00fdch 20 kilometr\u016f od ob\u0159\u00edho leti\u0161t\u011b, Los Angeles International Airport se nach\u00e1z\u00ed v\u00fdjime\u010dn\u00e1 stavba \u2013 velodrom.<br \/> Velodrom se rozprost\u00edr\u00e1 na plo\u0161e 125 akr\u016f a jeho v\u00fdstavba st\u00e1la \u00factyhodn\u00fdch 150 milion\u016f dolar\u016f. Py\u0161n\u00ed se 250 metr\u016f dlouhou dr\u00e1hou a v\u00fdjime\u010dn\u00fdm komfortem pro z\u00e1vodn\u00edky a realiza\u010dn\u00ed t\u00fdmy, a i z tohoto d\u016fvodu se hala stala ofici\u00e1ln\u00edm tr\u00e9ninkov\u00fdm centrem americk\u00e9ho olympijsk\u00e9ho a paralympijsk\u00e9ho t\u00fdmu. <br \/>Hala je multifunk\u010dn\u00ed a pom\u011brn\u011b snadno ji lze p\u0159estav\u011bt pro pot\u0159eby jin\u00fdch sport\u016f \u2013 basketbalu, volejbalu, kopan\u00e9, lakrosu, ragby, tenisu, softbalu, atd. <br \/> Hala pojme 2450 div\u00e1k\u016f. <\/p>\n<p> <img decoding=\"async\" src=\"\/wordpress\/image\/k_clankum\/Los Ang.jpg\" ALIGN=\"right\" HSPACE=5 VSPACE=5\"> Dr\u00e1hov\u00e9 mistrovstv\u00ed sv\u011bta v Los Angeles je s nap\u011bt\u00edm o\u010dek\u00e1vanou cyklistickou akc\u00ed a to hned z n\u011bkolika d\u016fvod\u016f. P\u0159edev\u0161\u00edm jde o posledn\u00ed podnik, na kter\u00e9m mohou cyklist\u00e9 z\u00edskat body do \u017eeb\u0159\u00ed\u010dku UCI a v\u00fdrazn\u011bj\u0161\u00edm zp\u016fsobem tak ovlivnit kone\u010dn\u00e9 n\u00e1rodn\u00ed kv\u00f3ty pro paralympijsk\u00e9 hry v Lond\u00fdn\u011b. <br \/>Novinkou je pak p\u0159id\u00e1n\u00ed dal\u0161\u00edho z\u00e1vodn\u00edho dne, poprv\u00e9 tedy mistrovstv\u00ed sv\u011bta bude m\u00edt \u010dty\u0159denn\u00ed z\u00e1vodn\u00ed program.<br \/> Dal\u0161\u00ed o\u010dek\u00e1vanou novinkou je pak z\u00e1vod mu\u017e\u016f i \u017een v atraktivn\u00edm Scratchi. <\/p>\n<p> Foto: <a href=\"http:\/\/www.paracyclingla2012.com\" target=\"_blank\"> www.paracyclingla2012.com<\/a> <\/p>\n","protected":false},"excerpt":{"rendered":"<a href=\"https:\/\/www.caths.cz\/wordpress\/poradatele-zverejnili-oficialni-stranky-mistrovstvi-sveta-na-draze\/\"><img loading=\"lazy\" decoding=\"async\" width=\"100\" height=\"100\" src=\"https:\/\/www.caths.cz\/wordpress\/wp-content\/plugins\/thumbnail-for-excerpts\/tfe_no_thumb.png\" class=\"alignleft wp-post-image tfe\" alt=\"\" title=\"\" \/><\/a><p>Americk\u00e1 metropole Los Angeles bude ve dnech 6. \u2013 12. \u00fanora d\u011bji\u0161t\u011bm vrcholn\u00e9 sout\u011b\u017ee handicapovan\u00fdch cyklist\u016f &#8211; mistrovstv\u00ed sv\u011bta. Dr\u00e1hov\u00e9 mistrovstv\u00ed sv\u011bta v Los Angeles je s nap\u011bt\u00edm o\u010dek\u00e1vanou cyklistickou [&hellip;]<\/p>\n","protected":false},"author":1,"featured_media":0,"comment_status":"closed","ping_status":"closed","sticky":false,"template":"","format":"standard","meta":{"ngg_post_thumbnail":0,"footnotes":""},"categories":[2],"tags":[],"class_list":["post-2048","post","type-post","status-publish","format-standard","hentry","category-cyklistika"],"_links":{"self":[{"href":"https:\/\/www.caths.cz\/wordpress\/wp-json\/wp\/v2\/posts\/2048","targetHints":{"allow":["GET"]}}],"collection":[{"href":"https:\/\/www.caths.cz\/wordpress\/wp-json\/wp\/v2\/posts"}],"about":[{"href":"https:\/\/www.caths.cz\/wordpress\/wp-json\/wp\/v2\/types\/post"}],"author":[{"embeddable":true,"href":"https:\/\/www.caths.cz\/wordpress\/wp-json\/wp\/v2\/users\/1"}],"replies":[{"embeddable":true,"href":"https:\/\/www.caths.cz\/wordpress\/wp-json\/wp\/v2\/comments?post=2048"}],"version-history":[{"count":0,"href":"https:\/\/www.caths.cz\/wordpress\/wp-json\/wp\/v2\/posts\/2048\/revisions"}],"wp:attachment":[{"href":"https:\/\/www.caths.cz\/wordpress\/wp-json\/wp\/v2\/media?parent=2048"}],"wp:term":[{"taxonomy":"category","embeddable":true,"href":"https:\/\/www.caths.cz\/wordpress\/wp-json\/wp\/v2\/categories?post=2048"},{"taxonomy":"post_tag","embeddable":true,"href":"https:\/\/www.caths.cz\/wordpress\/wp-json\/wp\/v2\/tags?post=2048"}],"curies":[{"name":"wp","href":"https:\/\/api.w.org\/{rel}","templated":true}]}}