{"id":2047,"date":"2011-10-19T18:17:33","date_gmt":"2011-10-19T17:17:33","guid":{"rendered":"http:\/\/www.caths.cz\/wordpress\/?p=2047"},"modified":"2011-10-19T18:17:33","modified_gmt":"2011-10-19T17:17:33","slug":"jiri-jezek-bude-ve-ctvrtek-snidat-na-nove","status":"publish","type":"post","link":"https:\/\/www.caths.cz\/wordpress\/jiri-jezek-bude-ve-ctvrtek-snidat-na-nove\/","title":{"rendered":"Ji\u0159\u00ed Je\u017eek bude ve \u010dtvrtek sn\u00eddat na Nov\u011b&#8230;"},"content":{"rendered":"<p align=\"justify\">   Ji\u0159\u00ed Je\u017eek si odpo\u010dinul po velmi \u00fasp\u011b\u0161n\u00e9 sez\u00f3n\u011b a od pond\u011bl\u00ed je op\u011bt v pln\u00e9 p\u0159\u00edprav\u011b na paralympijskou sez\u00f3nu 2012. <\/p>\n<p align=\"justify\"> V p\u00e1tek se Jirka p\u0159id\u00e1 k dal\u0161\u00edm \u010dlen\u016fm reprezenta\u010dn\u00edho t\u00fdmu a absolvuje spolu s nimi dr\u00e1hov\u00fd tr\u00e9nink v motolsk\u00e9 hale. <br \/> <img decoding=\"async\" src=\"\/wordpress\/image\/sekretarky\/Lanzarote.jpg\" ALIGN=\"right\" HSPACE=5 VSPACE=5\"> Ale ve \u010dtvrtek r\u00e1no, m\u016f\u017eeme na\u0161eho nej\u00fasp\u011b\u0161n\u011bj\u0161\u00edho handicapovan\u00e9ho sportovce vid\u011bt na TV Nova v po\u0159adu Sn\u00eddan\u011b s Novou, kde bude odpov\u00eddat na ot\u00e1zky redaktor\u016f spole\u010dn\u011b s mistrem sv\u011bta v cyklokrosu Zde\u0148kem \u0160tybarem a dal\u0161\u00edm jezdcem absolutn\u00ed cyklokrosov\u00e9 sv\u011btov\u00e9 \u0161pi\u010dky, Radom\u00edrem \u0160im\u016fnkem.<br \/> Podle sc\u00e9n\u00e1\u0159e TV Nova uvid\u00edme \u00fasp\u011b\u0161n\u00e9 cyklisty hned ve dvou vstupech kr\u00e1tce po 8 hodin\u011b. <\/p>\n","protected":false},"excerpt":{"rendered":"<a href=\"https:\/\/www.caths.cz\/wordpress\/jiri-jezek-bude-ve-ctvrtek-snidat-na-nove\/\"><img loading=\"lazy\" decoding=\"async\" width=\"100\" height=\"100\" src=\"https:\/\/www.caths.cz\/wordpress\/wp-content\/plugins\/thumbnail-for-excerpts\/tfe_no_thumb.png\" class=\"alignleft wp-post-image tfe\" alt=\"\" title=\"\" \/><\/a><p>Ji\u0159\u00ed Je\u017eek si odpo\u010dinul po velmi \u00fasp\u011b\u0161n\u00e9 sez\u00f3n\u011b a od pond\u011bl\u00ed je op\u011bt v pln\u00e9 p\u0159\u00edprav\u011b na paralympijskou sez\u00f3nu 2012. V p\u00e1tek se Jirka p\u0159id\u00e1 k dal\u0161\u00edm \u010dlen\u016fm reprezenta\u010dn\u00edho t\u00fdmu [&hellip;]<\/p>\n","protected":false},"author":1,"featured_media":0,"comment_status":"closed","ping_status":"closed","sticky":false,"template":"","format":"standard","meta":{"ngg_post_thumbnail":0,"footnotes":""},"categories":[6],"tags":[],"class_list":["post-2047","post","type-post","status-publish","format-standard","hentry","category-caths-info"],"_links":{"self":[{"href":"https:\/\/www.caths.cz\/wordpress\/wp-json\/wp\/v2\/posts\/2047","targetHints":{"allow":["GET"]}}],"collection":[{"href":"https:\/\/www.caths.cz\/wordpress\/wp-json\/wp\/v2\/posts"}],"about":[{"href":"https:\/\/www.caths.cz\/wordpress\/wp-json\/wp\/v2\/types\/post"}],"author":[{"embeddable":true,"href":"https:\/\/www.caths.cz\/wordpress\/wp-json\/wp\/v2\/users\/1"}],"replies":[{"embeddable":true,"href":"https:\/\/www.caths.cz\/wordpress\/wp-json\/wp\/v2\/comments?post=2047"}],"version-history":[{"count":0,"href":"https:\/\/www.caths.cz\/wordpress\/wp-json\/wp\/v2\/posts\/2047\/revisions"}],"wp:attachment":[{"href":"https:\/\/www.caths.cz\/wordpress\/wp-json\/wp\/v2\/media?parent=2047"}],"wp:term":[{"taxonomy":"category","embeddable":true,"href":"https:\/\/www.caths.cz\/wordpress\/wp-json\/wp\/v2\/categories?post=2047"},{"taxonomy":"post_tag","embeddable":true,"href":"https:\/\/www.caths.cz\/wordpress\/wp-json\/wp\/v2\/tags?post=2047"}],"curies":[{"name":"wp","href":"https:\/\/api.w.org\/{rel}","templated":true}]}}