{"id":2045,"date":"2011-10-18T00:58:24","date_gmt":"2011-10-17T23:58:24","guid":{"rendered":"http:\/\/www.caths.cz\/wordpress\/?p=2045"},"modified":"2011-10-18T00:58:24","modified_gmt":"2011-10-17T23:58:24","slug":"na-drahove-cyklisty-cekaji-hned-tri-zavody-ceskeho-poharu-na-draze","status":"publish","type":"post","link":"https:\/\/www.caths.cz\/wordpress\/na-drahove-cyklisty-cekaji-hned-tri-zavody-ceskeho-poharu-na-draze\/","title":{"rendered":"Na dr\u00e1hov\u00e9 cyklisty \u010dekaj\u00ed hned t\u0159i z\u00e1vody \u010cesk\u00e9ho poh\u00e1ru na dr\u00e1ze!"},"content":{"rendered":"<p align=\"justify\">   Dr\u00e1hov\u00fd z\u00e1vodn\u00ed kalend\u00e1\u0159 je zna\u010dn\u011b chud\u00fd v porovn\u00e1n\u00ed k sout\u011b\u017e\u00edm silni\u010dn\u00edm. Vlastn\u011b nen\u00ed v\u016fbec \u017e\u00e1dn\u00fd. Po\u0159adatel\u00e9 z\u00e1vod\u016f z SK Handicapovan\u00fdch cyklist\u016f Praha, se proto rozhodli roz\u0161\u00ed\u0159it svou aktivitu i na tuto oblast a dr\u00e1ha\u0159i se v podzimn\u00edch a zimn\u00edch m\u011bs\u00edc\u00edch mohou t\u011b\u0161it na plnohodnotn\u00fd z\u00e1vodn\u00ed program, kter\u00fd se kompletn\u011b uskute\u010dn\u00ed v pra\u017esk\u00e9 hale v Motole.<\/p>\n<p align=\"justify\">V listopadu budou pro handicapovan\u00e9 cyklisty za\u0159azeny dva z\u00e1vody a v term\u00ednu 15 \u2013 18. prosince pak dr\u00e1hov\u00e9 Mistrovstv\u00ed republiky handicapovan\u00fdch cyklist\u016f, kter\u00e9 se v\u016fbec poprv\u00e9 v historii \u010cesk\u00e9 republiky uskute\u010dn\u00ed spole\u010dn\u011b s Mistrovstv\u00edm republiky cyklist\u016f bez handicapu.<br \/> \u201eNa\u0161lapan\u00fd\u201c program Mistrovstv\u00ed republiky napov\u00edd\u00e1, \u017ee v Motole se chyst\u00e1 opravdov\u00fd cyklistick\u00fd sv\u00e1tek a je pot\u0159eba zm\u00ednit, \u017ee za t\u00edmto podnikem, kter\u00fd bud\u00ed z\u00e1jem u\u017e nyn\u00ed, stoj\u00ed dva po\u0159adatel\u00e9 \u2013 mimo ji\u017e zm\u00edn\u011bn\u00e9ho SK Handicapovan\u00fdch cyklist\u016f Praha tak\u00e9 slavn\u00e1 DUKLA Praha. <br \/> <img decoding=\"async\" src=\"\/wordpress\/image\/sekretarky\/draha.JPG\" ALIGN=\"right\" HSPACE=5 VSPACE=5\"> V\u0161echny t\u0159i z\u00e1vody se uskute\u010dn\u00ed jako prvn\u00ed ro\u010dn\u00edk \u010cesk\u00e9ho poh\u00e1ru handicapovan\u00fdch cyklist\u016f na dr\u00e1ze a patronem t\u00e9to sout\u011b\u017ee bude, jak jinak \u2013 www.caths.cz <\/p>\n<p> Z\u00e1vodn\u00ed program bude kulminovat v lednu z\u00e1vodem kategorie P1, kdy Praha bude hostitelem dr\u00e1hov\u00e9ho Evropsk\u00e9ho poh\u00e1ru a u\u017e te\u010f m\u016f\u017eeme potvrdit velk\u00fd z\u00e1jem evropsk\u00fdch t\u00fdm\u016f o tento z\u00e1vod.<br \/> Nen\u00ed divu, jedn\u00e1 se o jedin\u00fd mezin\u00e1rodn\u00ed dr\u00e1hov\u00fd z\u00e1vod v t\u00e9to sez\u00f3n\u011b a tak\u00e9 p\u0159edposledn\u00ed mo\u017enost n\u00e1rodn\u00edch t\u00fdm\u016f z\u00edskat tolik cen\u011bn\u00e9 body do \u017eeb\u0159\u00ed\u010dku UCI pro stanoven\u00ed kv\u00f3ty na paralympi\u00e1du v Lond\u00fdn\u011b 2012. <br \/> Posledn\u00ed mo\u017enost\u00ed, jak z\u00edskat body a ovlivnit tak n\u00e1rodn\u00ed kv\u00f3tu bude dr\u00e1hov\u00e9 mistrovstv\u00ed sv\u011bta, kter\u00e9 se uskute\u010dn\u00ed v Los Angeles v term\u00ednu 6 \u2013 12.\u00fanora 2012. Toho se v\u0161ak budou moci \u00fa\u010dastnit pouze nejlep\u0161\u00ed z\u00e1vodn\u00edci a jejich v\u00fdb\u011br bude zna\u010dn\u011b limitov\u00e1n n\u00e1rodn\u00edmi kv\u00f3tami pro jednotliv\u00e9 kategorie. <br \/> Ve\u0161ker\u00e9 informace, term\u00edny a propozice z\u00e1vod\u016f <strong>\u010cesk\u00e9ho poh\u00e1ru na dr\u00e1ze handicapovan\u00fdch cyklist\u016f www.caths.cz <\/strong>p\u0159ineseme v dohledn\u00e9 dob\u011b, sledujte www.caths.cz<\/p>\n","protected":false},"excerpt":{"rendered":"<a href=\"https:\/\/www.caths.cz\/wordpress\/na-drahove-cyklisty-cekaji-hned-tri-zavody-ceskeho-poharu-na-draze\/\"><img loading=\"lazy\" decoding=\"async\" width=\"100\" height=\"100\" src=\"https:\/\/www.caths.cz\/wordpress\/wp-content\/plugins\/thumbnail-for-excerpts\/tfe_no_thumb.png\" class=\"alignleft wp-post-image tfe\" alt=\"\" title=\"\" \/><\/a><p>Dr\u00e1hov\u00fd z\u00e1vodn\u00ed kalend\u00e1\u0159 je zna\u010dn\u011b chud\u00fd v porovn\u00e1n\u00ed k sout\u011b\u017e\u00edm silni\u010dn\u00edm. Vlastn\u011b nen\u00ed v\u016fbec \u017e\u00e1dn\u00fd. Po\u0159adatel\u00e9 z\u00e1vod\u016f z SK Handicapovan\u00fdch cyklist\u016f Praha, se proto rozhodli roz\u0161\u00ed\u0159it svou aktivitu i na [&hellip;]<\/p>\n","protected":false},"author":1,"featured_media":0,"comment_status":"closed","ping_status":"closed","sticky":false,"template":"","format":"standard","meta":{"ngg_post_thumbnail":0,"footnotes":""},"categories":[2],"tags":[],"class_list":["post-2045","post","type-post","status-publish","format-standard","hentry","category-cyklistika"],"_links":{"self":[{"href":"https:\/\/www.caths.cz\/wordpress\/wp-json\/wp\/v2\/posts\/2045","targetHints":{"allow":["GET"]}}],"collection":[{"href":"https:\/\/www.caths.cz\/wordpress\/wp-json\/wp\/v2\/posts"}],"about":[{"href":"https:\/\/www.caths.cz\/wordpress\/wp-json\/wp\/v2\/types\/post"}],"author":[{"embeddable":true,"href":"https:\/\/www.caths.cz\/wordpress\/wp-json\/wp\/v2\/users\/1"}],"replies":[{"embeddable":true,"href":"https:\/\/www.caths.cz\/wordpress\/wp-json\/wp\/v2\/comments?post=2045"}],"version-history":[{"count":0,"href":"https:\/\/www.caths.cz\/wordpress\/wp-json\/wp\/v2\/posts\/2045\/revisions"}],"wp:attachment":[{"href":"https:\/\/www.caths.cz\/wordpress\/wp-json\/wp\/v2\/media?parent=2045"}],"wp:term":[{"taxonomy":"category","embeddable":true,"href":"https:\/\/www.caths.cz\/wordpress\/wp-json\/wp\/v2\/categories?post=2045"},{"taxonomy":"post_tag","embeddable":true,"href":"https:\/\/www.caths.cz\/wordpress\/wp-json\/wp\/v2\/tags?post=2045"}],"curies":[{"name":"wp","href":"https:\/\/api.w.org\/{rel}","templated":true}]}}