{"id":2044,"date":"2011-10-17T03:33:08","date_gmt":"2011-10-17T02:33:08","guid":{"rendered":"http:\/\/www.caths.cz\/wordpress\/?p=2044"},"modified":"2011-10-17T03:33:08","modified_gmt":"2011-10-17T02:33:08","slug":"tomas-kajnar-celkovym-vitezem-casovek-serialu-gold-tour-zlate-hory","status":"publish","type":"post","link":"https:\/\/www.caths.cz\/wordpress\/tomas-kajnar-celkovym-vitezem-casovek-serialu-gold-tour-zlate-hory\/","title":{"rendered":"Tom\u00e1\u0161 Kajnar celkov\u00fdm v\u00edt\u011bzem \u010dasovek seri\u00e1lu Gold Tour Zlat\u00e9 hory"},"content":{"rendered":"<p align=\"justify\">\nZapamatujte si to jm\u00e9no &#8211; Tom\u00e1\u0161 Kajnar. Reprezenta\u010dn\u00ed tren\u00e9r cyklist\u016f v\u011b\u0159\u00ed,<br \/>\n\u017ee o n\u011bm v budoucnosti hodn\u011b usly\u0161\u00edme.<\/p>\n<p align=\"justify\"><img decoding=\"async\" src=\"\/wordpress\/image\/k_clankum\/kajnar_tomas.JPG\" ALIGN=\"right\" HSPACE=5 VSPACE=5\"> Je tomu jen 10 m\u011bs\u00edc\u016f, kdy Tom\u00e1\u0161 Kajnar kontaktoval prost\u0159ednictv\u00edm www.caths.cz tren\u00e9ra Viktora Zapletala s \u017e\u00e1dost\u00ed o radu. <br \/>Po v\u00e1\u017en\u00e9m zran\u011bn\u00ed ruky za\u010dal Tom\u00e1\u0161 intenzivn\u011b jezdit na kole a jde mu to zp\u016fsobem, kter\u00fd si zaslou\u017e\u00ed respekt. Z hobby jezdce, kter\u00fd je\u0161t\u011b na ja\u0159e zkou\u0161el z\u00e1vodit pouze na horsk\u00e9m kole, se b\u011bhem p\u00e1r m\u011bs\u00edc\u016f stal mu\u017e, jeho\u017e rostouc\u00ed v\u00fdkonnost mu dovolila postavit se na start Evropsk\u00e9ho poh\u00e1ru v Praze na Stahov\u011b, ale co v\u00edc, ve v\u00fdborn\u011b obsazen\u00e9 kategorii C5 vybojoval \u00factyhodn\u00e9 \u010dtvrt\u00e9 m\u00edsto!<br \/> A ve vynikaj\u00edc\u00edch v\u00fdsledc\u00edch pokra\u010duje d\u00e1l. Z n\u00e1dhern\u00e9ho prost\u0159ed\u00ed Zlat\u00fdch hor p\u0159i\u0161la zpr\u00e1va, \u017ee se Tom\u00e1\u0161 Kajnar stal celkov\u00fdm v\u00edt\u011bzem seri\u00e1lu \u010dasovek do vrchu Gold Tour Zlat\u00e9 hory. Mluv\u00edme samoz\u0159ejm\u011b o kategorii cyklist\u016f bez handicapu! <br \/>Gratulujeme Tom\u00e1\u0161i. <\/p>\n<p> Celkov\u00e9 v\u00fdsledky Gold Tour Zlat\u00e9 hory <a href=\"http:\/\/goldtourzlatehory.unas.cz\/\" target=\"_blank\"> zde<\/a> <\/p>\n","protected":false},"excerpt":{"rendered":"<a href=\"https:\/\/www.caths.cz\/wordpress\/tomas-kajnar-celkovym-vitezem-casovek-serialu-gold-tour-zlate-hory\/\"><img loading=\"lazy\" decoding=\"async\" width=\"100\" height=\"100\" src=\"https:\/\/www.caths.cz\/wordpress\/wp-content\/plugins\/thumbnail-for-excerpts\/tfe_no_thumb.png\" class=\"alignleft wp-post-image tfe\" alt=\"\" title=\"\" \/><\/a><p>Zapamatujte si to jm\u00e9no &#8211; Tom\u00e1\u0161 Kajnar. Reprezenta\u010dn\u00ed tren\u00e9r cyklist\u016f v\u011b\u0159\u00ed, \u017ee o n\u011bm v budoucnosti hodn\u011b usly\u0161\u00edme.<\/p>\n","protected":false},"author":1,"featured_media":0,"comment_status":"closed","ping_status":"closed","sticky":false,"template":"","format":"standard","meta":{"ngg_post_thumbnail":0,"footnotes":""},"categories":[2],"tags":[],"class_list":["post-2044","post","type-post","status-publish","format-standard","hentry","category-cyklistika"],"_links":{"self":[{"href":"https:\/\/www.caths.cz\/wordpress\/wp-json\/wp\/v2\/posts\/2044","targetHints":{"allow":["GET"]}}],"collection":[{"href":"https:\/\/www.caths.cz\/wordpress\/wp-json\/wp\/v2\/posts"}],"about":[{"href":"https:\/\/www.caths.cz\/wordpress\/wp-json\/wp\/v2\/types\/post"}],"author":[{"embeddable":true,"href":"https:\/\/www.caths.cz\/wordpress\/wp-json\/wp\/v2\/users\/1"}],"replies":[{"embeddable":true,"href":"https:\/\/www.caths.cz\/wordpress\/wp-json\/wp\/v2\/comments?post=2044"}],"version-history":[{"count":0,"href":"https:\/\/www.caths.cz\/wordpress\/wp-json\/wp\/v2\/posts\/2044\/revisions"}],"wp:attachment":[{"href":"https:\/\/www.caths.cz\/wordpress\/wp-json\/wp\/v2\/media?parent=2044"}],"wp:term":[{"taxonomy":"category","embeddable":true,"href":"https:\/\/www.caths.cz\/wordpress\/wp-json\/wp\/v2\/categories?post=2044"},{"taxonomy":"post_tag","embeddable":true,"href":"https:\/\/www.caths.cz\/wordpress\/wp-json\/wp\/v2\/tags?post=2044"}],"curies":[{"name":"wp","href":"https:\/\/api.w.org\/{rel}","templated":true}]}}