{"id":2042,"date":"2011-10-15T01:01:23","date_gmt":"2011-10-15T00:01:23","guid":{"rendered":"http:\/\/www.caths.cz\/wordpress\/?p=2042"},"modified":"2011-10-15T01:01:23","modified_gmt":"2011-10-15T00:01:23","slug":"chorvatsky-split-je-pripraven-na-me-ve-stolnim-tenise-2011","status":"publish","type":"post","link":"https:\/\/www.caths.cz\/wordpress\/chorvatsky-split-je-pripraven-na-me-ve-stolnim-tenise-2011\/","title":{"rendered":"Chorvatsk\u00fd Split je p\u0159ipraven na ME ve stoln\u00edm tenise 2011"},"content":{"rendered":"<p align=\"justify\">P\u0159esn\u011b za t\u00fdden bude v chorvatsk\u00e9m Splitu slavnostn\u011b zah\u00e1jeno mistrovstv\u00ed Evropy ve stoln\u00edm tenise handicapovan\u00fdch. O\u010dek\u00e1v\u00e1 se \u00fa\u010dast kolem 300 sportovc\u016f ze 31 zem\u00ed a 460 \u00fa\u010dastn\u00edk\u016f celkem v\u010detn\u011b doprovodn\u00e9ho person\u00e1lu a \u010dlen\u016f realiza\u010dn\u00edch t\u00fdm\u016f. \u010ceskou republiku pojede reprezentovat jen mal\u00fd t\u00fdm ve slo\u017een\u00ed Ivan Karabec, Ren\u00e9 Tau\u0161, Jaroslav Hadrava, Ji\u0159\u00ed Such\u00e1nek a tren\u00e9r Ja\u0161ek.<\/p>\n<p align=\"justify\">Z\u00e1\u0161titu nad cel\u00fdm \u0161ampion\u00e1tem p\u0159evzala p\u0159edsedkyn\u011b chorvatsk\u00e9 vl\u00e1dy pan\u00ed Jadranka Kosor. <br \/> Vzhledem k tomu, \u017ee je turnaj posledn\u00ed \u0161anc\u00ed, jak z\u00edskat pot\u0159ebn\u00e9 body pro za\u0159azen\u00ed sportovc\u016f do \u017eeb\u0159\u00ed\u010dku, na jeho\u017e z\u00e1klad\u011b se sportovci nominuj\u00ed na paralympi\u00e1du do Lond\u00fdna, o\u010dek\u00e1v\u00e1 se, \u017ee turnaj bude velmi vzru\u0161uj\u00edc\u00ed a z\u00e1pasy se odehraj\u00ed v tvrd\u00e9 konkurenci. Dvouhry jsou na programu od 22.do 24. \u0159\u00edjna a t\u00fdmov\u00e9 z\u00e1pasy se odehraj\u00ed 26.-28.\u0159\u00edjna. <br \/> Ivan Karabec nastoup\u00ed pouze do dvouher, proto\u017ee po n\u00e1hl\u00e9m \u00famrt\u00ed Jaroslava Cieslara se je\u0161t\u011b nepoda\u0159ilo Ivanovi nal\u00e9zt partnera do sout\u011b\u017ee dru\u017estev. Ka\u017ed\u00fd z tria voz\u00ed\u010dk\u00e1\u0159\u016f Tau\u0161, Hadrava, Such\u00e1nek nastoup\u00ed do dvouher i do sout\u011b\u017ee dru\u017estev. Bohu\u017eel se letos nez\u00fa\u010dastn\u00ed \u0161ampion\u00e1tu \u017e\u00e1dn\u00e1 \u010desk\u00e1 \u017eena. Po onemocn\u011bn\u00ed M\u00ed\u0161i De la Bourdonnaye nem\u00e1 \u010cesk\u00e1 republika hr\u00e1\u010dku, kter\u00e1 by obst\u00e1la v konkurenci, je\u017e se v sou\u010dasn\u00e9 dob\u011b ve stoln\u00edm tenise \u017een vyskytuje.<\/p>\n","protected":false},"excerpt":{"rendered":"<a href=\"https:\/\/www.caths.cz\/wordpress\/chorvatsky-split-je-pripraven-na-me-ve-stolnim-tenise-2011\/\"><img loading=\"lazy\" decoding=\"async\" width=\"100\" height=\"100\" src=\"https:\/\/www.caths.cz\/wordpress\/wp-content\/plugins\/thumbnail-for-excerpts\/tfe_no_thumb.png\" class=\"alignleft wp-post-image tfe\" alt=\"\" title=\"\" \/><\/a><p>P\u0159esn\u011b za t\u00fdden bude v chorvatsk\u00e9m Splitu slavnostn\u011b zah\u00e1jeno mistrovstv\u00ed Evropy ve stoln\u00edm tenise handicapovan\u00fdch. O\u010dek\u00e1v\u00e1 se \u00fa\u010dast kolem 300 sportovc\u016f ze 31 zem\u00ed a 460 \u00fa\u010dastn\u00edk\u016f celkem v\u010detn\u011b doprovodn\u00e9ho [&hellip;]<\/p>\n","protected":false},"author":1,"featured_media":0,"comment_status":"closed","ping_status":"closed","sticky":false,"template":"","format":"standard","meta":{"ngg_post_thumbnail":0,"footnotes":""},"categories":[19],"tags":[],"class_list":["post-2042","post","type-post","status-publish","format-standard","hentry","category-stolni-tenis"],"_links":{"self":[{"href":"https:\/\/www.caths.cz\/wordpress\/wp-json\/wp\/v2\/posts\/2042","targetHints":{"allow":["GET"]}}],"collection":[{"href":"https:\/\/www.caths.cz\/wordpress\/wp-json\/wp\/v2\/posts"}],"about":[{"href":"https:\/\/www.caths.cz\/wordpress\/wp-json\/wp\/v2\/types\/post"}],"author":[{"embeddable":true,"href":"https:\/\/www.caths.cz\/wordpress\/wp-json\/wp\/v2\/users\/1"}],"replies":[{"embeddable":true,"href":"https:\/\/www.caths.cz\/wordpress\/wp-json\/wp\/v2\/comments?post=2042"}],"version-history":[{"count":0,"href":"https:\/\/www.caths.cz\/wordpress\/wp-json\/wp\/v2\/posts\/2042\/revisions"}],"wp:attachment":[{"href":"https:\/\/www.caths.cz\/wordpress\/wp-json\/wp\/v2\/media?parent=2042"}],"wp:term":[{"taxonomy":"category","embeddable":true,"href":"https:\/\/www.caths.cz\/wordpress\/wp-json\/wp\/v2\/categories?post=2042"},{"taxonomy":"post_tag","embeddable":true,"href":"https:\/\/www.caths.cz\/wordpress\/wp-json\/wp\/v2\/tags?post=2042"}],"curies":[{"name":"wp","href":"https:\/\/api.w.org\/{rel}","templated":true}]}}