{"id":2040,"date":"2011-10-13T23:33:48","date_gmt":"2011-10-13T22:33:48","guid":{"rendered":"http:\/\/www.caths.cz\/wordpress\/?p=2040"},"modified":"2011-10-13T23:33:48","modified_gmt":"2011-10-13T22:33:48","slug":"atleticka-sezona-2011-je-u-konce","status":"publish","type":"post","link":"https:\/\/www.caths.cz\/wordpress\/atleticka-sezona-2011-je-u-konce\/","title":{"rendered":"Atletick\u00e1 sez\u00f3na 2011 je u konce"},"content":{"rendered":"<p align=\"justify\">   V \u010cesk\u00fdch Bud\u011bjovic\u00edch 1. 10. 2011 sedm\u00fdm kolem dlouhodob\u00e9 sout\u011b\u017ee \u010cesk\u00e9ho poh\u00e1ru KB, zakon\u010dila atletika voz\u00ed\u010dk\u00e1\u0159\u016f svou leto\u0161n\u00ed sez\u00f3nu. <\/p>\n<p align=\"justify\"> V tomto roce atleti &#8211; voz\u00ed\u010dk\u00e1\u0159i p\u0159ekonali 16 \u010desk\u00fdch rekord\u016f a nav\u00edc leto\u0161n\u00ed rok byl rokem pln\u011bn\u00ed limit\u016f pro LPH 2012 v Lond\u00fdn\u011b. <img decoding=\"async\" src=\"\/wordpress\/image\/sekretarky\/ales.jpg\" ALIGN=\"right\" HSPACE=5 VSPACE=5\">Limity mohli sportovci plnit na dvouch dom\u00e1c\u00edch z\u00e1vodech ( Mezin\u00e1rodn\u00ed M\u010cR v Nov\u00e9m M\u011bst\u011b nad Metuj\u00ed a v Olomouci na Czeh Open ), kter\u00e9 byli sankcionov\u00e1ny IPC, na MS v lednu na Nov\u00e9m Z\u00e9landu a dal\u0161\u00edch z\u00e1vodech v pr\u016fbehu roku v zahrani\u010d\u00ed. Limit A splnila jedna \u017eena a dev\u011bt mu\u017e\u016f, limit B splnila jedna \u017eena a t\u0159i mu\u017ei. <br \/> Dal\u0161\u00ed mo\u017enost\u00ed splnit limity budou m\u00edt sportovci v kv\u011btnu a \u010dervnu 2012 na zahrani\u010dn\u00edch z\u00e1vodech. Z\u016fst\u00e1v\u00e1 trochu z\u00e1hadou, kdy se vlastn\u011b dozv\u00edme po\u010det sportovc\u016f, kter\u00e9 m\u016f\u017ee \u010cR vyslat na LPH.<\/p>\n<p> \u0160tefan Danko<\/p>\n<p> Kone\u010dn\u00e9 v\u00fdsledky \u010cesk\u00e9ho poh\u00e1ru <a href=\"http:\/\/skmoravia.cz\/atletika\/pohar\/cp11all.htm\" target=\"_blank\"> zde<\/a><br \/> a tabulka pln\u011bn\u00ed limit\u016f <a href=\"http:\/\/skmoravia.cz\/atletika\/ostatni\/PH_limity_12.htm\" target=\"_blank\"> zde<\/a><\/p>\n","protected":false},"excerpt":{"rendered":"<a href=\"https:\/\/www.caths.cz\/wordpress\/atleticka-sezona-2011-je-u-konce\/\"><img loading=\"lazy\" decoding=\"async\" width=\"100\" height=\"100\" src=\"https:\/\/www.caths.cz\/wordpress\/wp-content\/plugins\/thumbnail-for-excerpts\/tfe_no_thumb.png\" class=\"alignleft wp-post-image tfe\" alt=\"\" title=\"\" \/><\/a><p>V \u010cesk\u00fdch Bud\u011bjovic\u00edch 1. 10. 2011 sedm\u00fdm kolem dlouhodob\u00e9 sout\u011b\u017ee \u010cesk\u00e9ho poh\u00e1ru KB, zakon\u010dila atletika voz\u00ed\u010dk\u00e1\u0159\u016f svou leto\u0161n\u00ed sez\u00f3nu. V tomto roce atleti &#8211; voz\u00ed\u010dk\u00e1\u0159i p\u0159ekonali 16 \u010desk\u00fdch rekord\u016f a [&hellip;]<\/p>\n","protected":false},"author":1,"featured_media":0,"comment_status":"closed","ping_status":"closed","sticky":false,"template":"","format":"standard","meta":{"ngg_post_thumbnail":0,"footnotes":""},"categories":[5],"tags":[],"class_list":["post-2040","post","type-post","status-publish","format-standard","hentry","category-atletika"],"_links":{"self":[{"href":"https:\/\/www.caths.cz\/wordpress\/wp-json\/wp\/v2\/posts\/2040","targetHints":{"allow":["GET"]}}],"collection":[{"href":"https:\/\/www.caths.cz\/wordpress\/wp-json\/wp\/v2\/posts"}],"about":[{"href":"https:\/\/www.caths.cz\/wordpress\/wp-json\/wp\/v2\/types\/post"}],"author":[{"embeddable":true,"href":"https:\/\/www.caths.cz\/wordpress\/wp-json\/wp\/v2\/users\/1"}],"replies":[{"embeddable":true,"href":"https:\/\/www.caths.cz\/wordpress\/wp-json\/wp\/v2\/comments?post=2040"}],"version-history":[{"count":0,"href":"https:\/\/www.caths.cz\/wordpress\/wp-json\/wp\/v2\/posts\/2040\/revisions"}],"wp:attachment":[{"href":"https:\/\/www.caths.cz\/wordpress\/wp-json\/wp\/v2\/media?parent=2040"}],"wp:term":[{"taxonomy":"category","embeddable":true,"href":"https:\/\/www.caths.cz\/wordpress\/wp-json\/wp\/v2\/categories?post=2040"},{"taxonomy":"post_tag","embeddable":true,"href":"https:\/\/www.caths.cz\/wordpress\/wp-json\/wp\/v2\/tags?post=2040"}],"curies":[{"name":"wp","href":"https:\/\/api.w.org\/{rel}","templated":true}]}}