{"id":2039,"date":"2011-10-12T00:02:56","date_gmt":"2011-10-11T23:02:56","guid":{"rendered":"http:\/\/www.caths.cz\/wordpress\/?p=2039"},"modified":"2011-10-12T00:02:56","modified_gmt":"2011-10-11T23:02:56","slug":"pozvanka-na-prazsky-cyklokros","status":"publish","type":"post","link":"https:\/\/www.caths.cz\/wordpress\/pozvanka-na-prazsky-cyklokros\/","title":{"rendered":"Pozv\u00e1nka na Pra\u017esk\u00fd cyklokros"},"content":{"rendered":"<p align=\"justify\">\nZveme v\u00e1s na z\u00e1vod O poh\u00e1r m\u011bstsk\u00e9 \u010d\u00e1sti  Prahy 17 &#8211; \u010cesk\u00fd poh\u00e1r MASTERS v cyklokrosu, kter\u00fd se kon\u00e1 v ned\u011bli 13. listopadu 2011, od 10:00 hodin v are\u00e1lu Bikros klubu \u0158epy.<br \/>\nSou\u010d\u00e1st\u00ed celodenn\u00edho programu je i fin\u00e1lov\u00fd z\u00e1vod \u010cesk\u00e9ho poh\u00e1ru MTB handicapovan\u00fdch cyklist\u016f kategori\u00ed C1 &#8211; C5.<\/p>\n<p>V\u00edce informac\u00ed naleznete v p\u0159ilo\u017een\u00fdch propozic\u00edch.<br \/> Propozice <a href=\"http:\/\/www.caths.cz\/storage\/cyklistika\/propozice cyklokros 2011.pdf\" target=\"_blank\"> zde<\/a> <br \/> Mapa trasy <a href=\"http:\/\/www.caths.cz\/storage\/cyklistika\/planek trasy_vcetne parcel.pdf\" target=\"_blank\"> zde<\/a><\/p>\n","protected":false},"excerpt":{"rendered":"<a href=\"https:\/\/www.caths.cz\/wordpress\/pozvanka-na-prazsky-cyklokros\/\"><img loading=\"lazy\" decoding=\"async\" width=\"100\" height=\"100\" src=\"https:\/\/www.caths.cz\/wordpress\/wp-content\/plugins\/thumbnail-for-excerpts\/tfe_no_thumb.png\" class=\"alignleft wp-post-image tfe\" alt=\"\" title=\"\" \/><\/a><p>Zveme v\u00e1s na z\u00e1vod O poh\u00e1r m\u011bstsk\u00e9 \u010d\u00e1sti Prahy 17 &#8211; \u010cesk\u00fd poh\u00e1r MASTERS v cyklokrosu, kter\u00fd se kon\u00e1 v ned\u011bli 13. listopadu 2011, od 10:00 hodin v are\u00e1lu Bikros [&hellip;]<\/p>\n","protected":false},"author":1,"featured_media":0,"comment_status":"closed","ping_status":"closed","sticky":false,"template":"","format":"standard","meta":{"ngg_post_thumbnail":0,"footnotes":""},"categories":[40],"tags":[],"class_list":["post-2039","post","type-post","status-publish","format-standard","hentry","category-pojed-s-nami"],"_links":{"self":[{"href":"https:\/\/www.caths.cz\/wordpress\/wp-json\/wp\/v2\/posts\/2039","targetHints":{"allow":["GET"]}}],"collection":[{"href":"https:\/\/www.caths.cz\/wordpress\/wp-json\/wp\/v2\/posts"}],"about":[{"href":"https:\/\/www.caths.cz\/wordpress\/wp-json\/wp\/v2\/types\/post"}],"author":[{"embeddable":true,"href":"https:\/\/www.caths.cz\/wordpress\/wp-json\/wp\/v2\/users\/1"}],"replies":[{"embeddable":true,"href":"https:\/\/www.caths.cz\/wordpress\/wp-json\/wp\/v2\/comments?post=2039"}],"version-history":[{"count":0,"href":"https:\/\/www.caths.cz\/wordpress\/wp-json\/wp\/v2\/posts\/2039\/revisions"}],"wp:attachment":[{"href":"https:\/\/www.caths.cz\/wordpress\/wp-json\/wp\/v2\/media?parent=2039"}],"wp:term":[{"taxonomy":"category","embeddable":true,"href":"https:\/\/www.caths.cz\/wordpress\/wp-json\/wp\/v2\/categories?post=2039"},{"taxonomy":"post_tag","embeddable":true,"href":"https:\/\/www.caths.cz\/wordpress\/wp-json\/wp\/v2\/tags?post=2039"}],"curies":[{"name":"wp","href":"https:\/\/api.w.org\/{rel}","templated":true}]}}