{"id":2038,"date":"2011-10-11T00:32:43","date_gmt":"2011-10-10T23:32:43","guid":{"rendered":"http:\/\/www.caths.cz\/wordpress\/?p=2038"},"modified":"2011-10-11T00:32:43","modified_gmt":"2011-10-10T23:32:43","slug":"fotograf-michal-cerveny-byl-ocenen-za-fotografie-z-ms-v-cyklistice-handicapovanych","status":"publish","type":"post","link":"https:\/\/www.caths.cz\/wordpress\/fotograf-michal-cerveny-byl-ocenen-za-fotografie-z-ms-v-cyklistice-handicapovanych\/","title":{"rendered":"Fotograf Michal \u010cerven\u00fd byl ocen\u011bn za fotografie z MS v cyklistice handicapovan\u00fdch"},"content":{"rendered":"<p align=\"justify\">Ka\u017edoro\u010dn\u00ed presti\u017en\u00ed sout\u011b\u017e fotograf\u016f CZECH PRESS PHOTO zn\u00e1 od pond\u011bl\u00ed sv\u00e9 v\u00edt\u011bze. O to v\u00edc n\u00e1s t\u011b\u0161\u00ed, \u017ee mezi ocen\u011bn\u00fdmi fotografy je i Michal \u010cerven\u00fd, kter\u00fd doprov\u00e1zel reprezenta\u010dn\u00ed t\u00fdm t\u011blesn\u011b a zrakov\u011b handicapovan\u00fdch cyklist\u016f na leto\u0161n\u00edm mistrovstv\u00ed sv\u011bta v cyklistice v D\u00e1nsku a po\u0159\u00eddil zde \u00fa\u017easn\u00e9 fotografie, kter\u00e9 v sout\u011b\u017ei zabodovaly.<\/p>\n<p align=\"justify\">V r\u00e1mci sout\u011b\u017ee Czech Press Photo je pravideln\u011b vyhla\u0161ov\u00e1na i cena pro mlad\u00e9 nad\u011bjn\u00e9 fotografy do 25 let Cena Canon Junior Awards. Z ka\u017ed\u00e9 kategorie Czech Press Photo, kter\u00fdmi jsou : Aktualita, Report\u00e1\u017e, Lid\u00e9 o nich\u017e se mluv\u00ed, Sport, Ka\u017edodenn\u00ed \u017eivot, Portr\u00e9t, P\u0159\u00edroda a \u017eivotn\u00ed prost\u0159ed\u00ed a Um\u011bn\u00ed a z\u00e1bava, je pak ohodnocen jeden z t\u011bchto mlad\u00fdch fotograf\u016f. Porota slo\u017een\u00e1 z renomovan\u00fdch fotograf\u016f, novin\u00e1\u0159\u016f, pedagog\u016f a dal\u0161\u00edch osobnost\u00ed ze sv\u011bta fotografie a m\u00e9di\u00ed hodnotila a letos vyb\u00edrala z v\u00edce ne\u017e t\u0159ech tis\u00edc fotografi\u00ed. <br \/> Michal z\u00edskal cenu v presti\u017en\u00ed kategorii Sport a dok\u00e1zal ji\u017e nyn\u00ed, \u017ee i p\u0159es sv\u016fj mlad\u00fd v\u011bk pat\u0159\u00ed mezi velmi uzn\u00e1van\u00e9 fotografy tohoto oboru.<br \/> Sledujte i d\u00e1le n\u00e1\u0161 web www.caths.cz . M\u00e1me pro V\u00e1s a sport handicapovan\u00fdch p\u0159ekvapen\u00ed, kter\u00e9 V\u00e1m v nejbli\u017e\u0161\u00edch dnech prozrad\u00edme. \ud83d\ude42<\/p>\n<p> Pod\u00edvejte se na fotografie, se kter\u00fdmi Michal z\u00edskal ocen\u011bn\u00ed<\/p>\n<p> <img decoding=\"async\" src=\"\/wordpress\/image\/sekretarky\/MC\/1.jpg\"><\/p>\n<p> <img decoding=\"async\" src=\"\/wordpress\/image\/sekretarky\/MC\/2.jpg\"><\/p>\n<p> <img decoding=\"async\" src=\"\/wordpress\/image\/sekretarky\/MC\/3.jpg\"><\/p>\n<p> <img decoding=\"async\" src=\"\/wordpress\/image\/sekretarky\/MC\/4.jpg\"><\/p>\n<p> Michal \u010cerven\u00fd v akci <\/p>\n<p> <img decoding=\"async\" src=\"\/wordpress\/image\/sekretarky\/MC\/michal1.jpg\"><\/p>\n","protected":false},"excerpt":{"rendered":"<a href=\"https:\/\/www.caths.cz\/wordpress\/fotograf-michal-cerveny-byl-ocenen-za-fotografie-z-ms-v-cyklistice-handicapovanych\/\"><img loading=\"lazy\" decoding=\"async\" width=\"100\" height=\"100\" src=\"https:\/\/www.caths.cz\/wordpress\/wp-content\/plugins\/thumbnail-for-excerpts\/tfe_no_thumb.png\" class=\"alignleft wp-post-image tfe\" alt=\"\" title=\"\" \/><\/a><p>Ka\u017edoro\u010dn\u00ed presti\u017en\u00ed sout\u011b\u017e fotograf\u016f CZECH PRESS PHOTO zn\u00e1 od pond\u011bl\u00ed sv\u00e9 v\u00edt\u011bze. O to v\u00edc n\u00e1s t\u011b\u0161\u00ed, \u017ee mezi ocen\u011bn\u00fdmi fotografy je i Michal \u010cerven\u00fd, kter\u00fd doprov\u00e1zel reprezenta\u010dn\u00ed t\u00fdm t\u011blesn\u011b [&hellip;]<\/p>\n","protected":false},"author":1,"featured_media":0,"comment_status":"closed","ping_status":"closed","sticky":false,"template":"","format":"standard","meta":{"ngg_post_thumbnail":0,"footnotes":""},"categories":[6],"tags":[],"class_list":["post-2038","post","type-post","status-publish","format-standard","hentry","category-caths-info"],"_links":{"self":[{"href":"https:\/\/www.caths.cz\/wordpress\/wp-json\/wp\/v2\/posts\/2038","targetHints":{"allow":["GET"]}}],"collection":[{"href":"https:\/\/www.caths.cz\/wordpress\/wp-json\/wp\/v2\/posts"}],"about":[{"href":"https:\/\/www.caths.cz\/wordpress\/wp-json\/wp\/v2\/types\/post"}],"author":[{"embeddable":true,"href":"https:\/\/www.caths.cz\/wordpress\/wp-json\/wp\/v2\/users\/1"}],"replies":[{"embeddable":true,"href":"https:\/\/www.caths.cz\/wordpress\/wp-json\/wp\/v2\/comments?post=2038"}],"version-history":[{"count":0,"href":"https:\/\/www.caths.cz\/wordpress\/wp-json\/wp\/v2\/posts\/2038\/revisions"}],"wp:attachment":[{"href":"https:\/\/www.caths.cz\/wordpress\/wp-json\/wp\/v2\/media?parent=2038"}],"wp:term":[{"taxonomy":"category","embeddable":true,"href":"https:\/\/www.caths.cz\/wordpress\/wp-json\/wp\/v2\/categories?post=2038"},{"taxonomy":"post_tag","embeddable":true,"href":"https:\/\/www.caths.cz\/wordpress\/wp-json\/wp\/v2\/tags?post=2038"}],"curies":[{"name":"wp","href":"https:\/\/api.w.org\/{rel}","templated":true}]}}