{"id":2037,"date":"2011-10-09T20:29:02","date_gmt":"2011-10-09T19:29:02","guid":{"rendered":"http:\/\/www.caths.cz\/wordpress\/?p=2037"},"modified":"2011-10-09T20:29:02","modified_gmt":"2011-10-09T19:29:02","slug":"cesky-paralympijsky-vybor-ma-nove-stanovy-hlas-caths-ma-nyni-jen-50-hodnotu","status":"publish","type":"post","link":"https:\/\/www.caths.cz\/wordpress\/cesky-paralympijsky-vybor-ma-nove-stanovy-hlas-caths-ma-nyni-jen-50-hodnotu\/","title":{"rendered":"\u010cesk\u00fd paralympijsk\u00fd v\u00fdbor m\u00e1 nov\u00e9 stanovy. Hlas \u010cATHS m\u00e1 nyn\u00ed jen 50% hodnotu&#8230;"},"content":{"rendered":"<p align=\"justify\">   Pod hrozbou ztr\u00e1ty licence Mezin\u00e1rodn\u00edho paralympijsk\u00e9ho v\u00fdboru (IPC) byl \u010cesk\u00fd paralympijsk\u00fd v\u00fdbor (\u010cPV) nucen na mimo\u0159\u00e1dn\u00e9m zased\u00e1n\u00ed V\u00fdkonn\u00e9ho gr\u00e9mia zm\u011bnit sv\u00e9 stanovy. <\/p>\n<p align=\"justify\"> Podle nov\u00fdch stanov se s okam\u017eitou platnost\u00ed st\u00e1v\u00e1 \u010dlenem \u010cPV i \u010cesk\u00fd svaz t\u011blesn\u011b posti\u017een\u00fdch sportovc\u016f se kter\u00fdm \u010cPV vede dlouholet\u00fd boj. Bylo zastaveno soudn\u00ed \u0159\u00edzen\u00ed mezi \u010cPV a \u010cSTPS a z\u00e1stupce \u010cSTPS bude p\u0159\u00edtomen zased\u00e1n\u00ed VG.<br \/> Zde v\u0161ak bude m\u00edt, stejn\u011b jako z\u00e1stupce \u010cATHS pouze 1 hlas, zat\u00edmco ostatn\u00ed svazy hlasy dva.<br \/> S takov\u00fdmto n\u00e1vrhem z\u00e1sadn\u00edm zp\u016fsobem nesouhlasil z\u00e1stupce \u010cATHS Viktor Zapletal, kter\u00fd ozna\u010dil hlasovac\u00ed nevyv\u00e1\u017eenost za diskrimina\u010dn\u00ed nejenom pro oba svazy, ale i pro cel\u00fd sport t\u011blesn\u011b posti\u017een\u00fdch. <br \/> Po\u017eadoval samostatn\u00e9 hlasov\u00e1n\u00ed o tomto bodu, nicm\u00e9n\u011b pom\u011brem 4:1 byl n\u00e1vrh v nov\u00fdch stanov\u00e1ch schv\u00e1len, stejn\u011b jako stanovy celkov\u011b.<br \/> Autory nov\u00fdch stanov \u010cPV jsou: Franti\u0161ek Janouch, Pavel Luke\u0161, Roman Suda a Jaroslav K\u0159e\u010dek.<\/p>\n<p> Z pohledu \u010cATHS je tak\u00e9 d\u016fle\u017eit\u00e9, \u017ee v nov\u00fdch stanov\u00e1ch \u010cPV ji\u017e nen\u00ed bod po\u017eaduj\u00edc\u00ed negativn\u00ed lustra\u010dn\u00ed osv\u011bd\u010den\u00ed z\u00e1stupc\u016f jednotliv\u00fdch svaz\u016f ve VG. \u010cATHS tedy bude od p\u0159\u00ed\u0161t\u00edho zased\u00e1n\u00ed VG zastupovat op\u011bt jej\u00ed p\u0159edseda Jaroslav K\u0159e\u010dek, kter\u00e9ho pro nevyjasn\u011bnou lustra\u010dn\u00ed z\u00e1le\u017eitost musel ve VG, v\u00edce ne\u017e rok, zastupovat prvn\u00ed m\u00edstop\u0159edseda asociace Viktor Zapletal.<\/p>\n","protected":false},"excerpt":{"rendered":"<a href=\"https:\/\/www.caths.cz\/wordpress\/cesky-paralympijsky-vybor-ma-nove-stanovy-hlas-caths-ma-nyni-jen-50-hodnotu\/\"><img loading=\"lazy\" decoding=\"async\" width=\"100\" height=\"100\" src=\"https:\/\/www.caths.cz\/wordpress\/wp-content\/plugins\/thumbnail-for-excerpts\/tfe_no_thumb.png\" class=\"alignleft wp-post-image tfe\" alt=\"\" title=\"\" \/><\/a><p>Pod hrozbou ztr\u00e1ty licence Mezin\u00e1rodn\u00edho paralympijsk\u00e9ho v\u00fdboru (IPC) byl \u010cesk\u00fd paralympijsk\u00fd v\u00fdbor (\u010cPV) nucen na mimo\u0159\u00e1dn\u00e9m zased\u00e1n\u00ed V\u00fdkonn\u00e9ho gr\u00e9mia zm\u011bnit sv\u00e9 stanovy. Podle nov\u00fdch stanov se s okam\u017eitou platnost\u00ed st\u00e1v\u00e1 [&hellip;]<\/p>\n","protected":false},"author":1,"featured_media":0,"comment_status":"closed","ping_status":"closed","sticky":false,"template":"","format":"standard","meta":{"ngg_post_thumbnail":0,"footnotes":""},"categories":[6],"tags":[],"class_list":["post-2037","post","type-post","status-publish","format-standard","hentry","category-caths-info"],"_links":{"self":[{"href":"https:\/\/www.caths.cz\/wordpress\/wp-json\/wp\/v2\/posts\/2037","targetHints":{"allow":["GET"]}}],"collection":[{"href":"https:\/\/www.caths.cz\/wordpress\/wp-json\/wp\/v2\/posts"}],"about":[{"href":"https:\/\/www.caths.cz\/wordpress\/wp-json\/wp\/v2\/types\/post"}],"author":[{"embeddable":true,"href":"https:\/\/www.caths.cz\/wordpress\/wp-json\/wp\/v2\/users\/1"}],"replies":[{"embeddable":true,"href":"https:\/\/www.caths.cz\/wordpress\/wp-json\/wp\/v2\/comments?post=2037"}],"version-history":[{"count":0,"href":"https:\/\/www.caths.cz\/wordpress\/wp-json\/wp\/v2\/posts\/2037\/revisions"}],"wp:attachment":[{"href":"https:\/\/www.caths.cz\/wordpress\/wp-json\/wp\/v2\/media?parent=2037"}],"wp:term":[{"taxonomy":"category","embeddable":true,"href":"https:\/\/www.caths.cz\/wordpress\/wp-json\/wp\/v2\/categories?post=2037"},{"taxonomy":"post_tag","embeddable":true,"href":"https:\/\/www.caths.cz\/wordpress\/wp-json\/wp\/v2\/tags?post=2037"}],"curies":[{"name":"wp","href":"https:\/\/api.w.org\/{rel}","templated":true}]}}