{"id":2036,"date":"2011-10-08T00:47:09","date_gmt":"2011-10-07T23:47:09","guid":{"rendered":"http:\/\/www.caths.cz\/wordpress\/?p=2036"},"modified":"2011-10-08T00:47:09","modified_gmt":"2011-10-07T23:47:09","slug":"den-kdy-se-okna-oteviraji-vsem","status":"publish","type":"post","link":"https:\/\/www.caths.cz\/wordpress\/den-kdy-se-okna-oteviraji-vsem\/","title":{"rendered":"Den, kdy se Okna otev\u00edraj\u00ed v\u0161em"},"content":{"rendered":"<p align=\"justify\">   Jind\u0159ichohradeck\u00e9 ob\u010dansk\u00e9 sdru\u017een\u00ed Okna je ji\u017e n\u011bkolik let \u010dlenem \u010cATHS. Plaveck\u00fd odd\u00edl Kap\u0159i, kter\u00fd je sou\u010d\u00e1st\u00ed sdru\u017een\u00ed je ka\u017edoro\u010dn\u011b po\u0159adatelem plaveck\u00fdch z\u00e1vod\u016f pro handicapovan\u00e9.<\/p>\n<p align=\"justify\"> \u010cinnost Oken v\u0161ak nen\u00ed zam\u011b\u0159ena jen na sport handicapovan\u00fdch, ale na spoustu dal\u0161\u00edch \u010dinnost\u00ed a akc\u00ed. Na jednu z nich V\u00e1s nyn\u00ed sdru\u017een\u00ed zve. <br \/> V\u00edce informac\u00ed naleznete v p\u0159ilo\u017een\u00e9 pozv\u00e1nce <a href=\"http:\/\/www.caths.cz\/storage\/sekretarky\/okna.pdf\" target=\"_blank\"> zde<\/a> <br \/> nebo na webov\u00fdch str\u00e1nk\u00e1ch sdru\u017een\u00ed <a href=\"http:\/\/www.okenko.eu\/\" target=\"_blank\"> zde<\/a><\/p>\n<p> <img decoding=\"async\" src=\"\/wordpress\/image\/sekretarky\/okna01.jpg\"> <\/p>\n<p> <img decoding=\"async\" src=\"\/wordpress\/image\/sekretarky\/okna02.jpg\"> <\/p>\n","protected":false},"excerpt":{"rendered":"<a href=\"https:\/\/www.caths.cz\/wordpress\/den-kdy-se-okna-oteviraji-vsem\/\"><img loading=\"lazy\" decoding=\"async\" width=\"100\" height=\"100\" src=\"https:\/\/www.caths.cz\/wordpress\/wp-content\/plugins\/thumbnail-for-excerpts\/tfe_no_thumb.png\" class=\"alignleft wp-post-image tfe\" alt=\"\" title=\"\" \/><\/a><p>Jind\u0159ichohradeck\u00e9 ob\u010dansk\u00e9 sdru\u017een\u00ed Okna je ji\u017e n\u011bkolik let \u010dlenem \u010cATHS. Plaveck\u00fd odd\u00edl Kap\u0159i, kter\u00fd je sou\u010d\u00e1st\u00ed sdru\u017een\u00ed je ka\u017edoro\u010dn\u011b po\u0159adatelem plaveck\u00fdch z\u00e1vod\u016f pro handicapovan\u00e9. \u010cinnost Oken v\u0161ak nen\u00ed zam\u011b\u0159ena jen [&hellip;]<\/p>\n","protected":false},"author":1,"featured_media":0,"comment_status":"closed","ping_status":"closed","sticky":false,"template":"","format":"standard","meta":{"ngg_post_thumbnail":0,"footnotes":""},"categories":[6],"tags":[],"class_list":["post-2036","post","type-post","status-publish","format-standard","hentry","category-caths-info"],"_links":{"self":[{"href":"https:\/\/www.caths.cz\/wordpress\/wp-json\/wp\/v2\/posts\/2036","targetHints":{"allow":["GET"]}}],"collection":[{"href":"https:\/\/www.caths.cz\/wordpress\/wp-json\/wp\/v2\/posts"}],"about":[{"href":"https:\/\/www.caths.cz\/wordpress\/wp-json\/wp\/v2\/types\/post"}],"author":[{"embeddable":true,"href":"https:\/\/www.caths.cz\/wordpress\/wp-json\/wp\/v2\/users\/1"}],"replies":[{"embeddable":true,"href":"https:\/\/www.caths.cz\/wordpress\/wp-json\/wp\/v2\/comments?post=2036"}],"version-history":[{"count":0,"href":"https:\/\/www.caths.cz\/wordpress\/wp-json\/wp\/v2\/posts\/2036\/revisions"}],"wp:attachment":[{"href":"https:\/\/www.caths.cz\/wordpress\/wp-json\/wp\/v2\/media?parent=2036"}],"wp:term":[{"taxonomy":"category","embeddable":true,"href":"https:\/\/www.caths.cz\/wordpress\/wp-json\/wp\/v2\/categories?post=2036"},{"taxonomy":"post_tag","embeddable":true,"href":"https:\/\/www.caths.cz\/wordpress\/wp-json\/wp\/v2\/tags?post=2036"}],"curies":[{"name":"wp","href":"https:\/\/api.w.org\/{rel}","templated":true}]}}