{"id":2034,"date":"2011-10-06T00:21:19","date_gmt":"2011-10-05T23:21:19","guid":{"rendered":"http:\/\/www.caths.cz\/wordpress\/?p=2034"},"modified":"2011-10-06T00:21:19","modified_gmt":"2011-10-05T23:21:19","slug":"sekce-cyklistiky-a-handbike-si-ceni-svych-clenu-a-rozda-jim-darky","status":"publish","type":"post","link":"https:\/\/www.caths.cz\/wordpress\/sekce-cyklistiky-a-handbike-si-ceni-svych-clenu-a-rozda-jim-darky\/","title":{"rendered":"Sekce cyklistiky a handbike si cen\u00ed sv\u00fdch \u010dlen\u016f a rozd\u00e1 jim d\u00e1rky&#8230;"},"content":{"rendered":"<p align=\"justify\"> Po\u010detn\u00e1, aktivn\u00ed, ale p\u0159edev\u0161\u00edm funk\u010dn\u00ed sekce cyklistiky a handbike \u010cATHS m\u00e1 za sebou dal\u0161\u00ed, \u00fasp\u011b\u0161nou sez\u00f3nu. <\/p>\n<p align=\"justify\"><img decoding=\"async\" src=\"\/wordpress\/image\/sekretarky\/sekce cyc\/tandem.jpg\" ALIGN=\"right\" HSPACE=5 VSPACE=5\"><em>\u201ePoda\u0159ilo se n\u00e1m stabilizovat rozs\u00e1hl\u00fd projekt z\u00e1vod\u016f od t\u011bch, kter\u00e9 jsou ur\u010den\u00e9 pro nej\u0161ir\u0161\u00ed ve\u0159ejnost a\u017e po z\u00e1vody v\u00fdkonnostn\u00ed. M\u00e1me z toho opravdu radost, proto\u017ee to je cesta, jak d\u00e1vat p\u0159\u00edle\u017eitost nov\u00fdm z\u00e1jemc\u016fm o cyklistiku a vychyt\u00e1vat talenty. Po\u0159\u00e1d\u00e1me, spolupo\u0159\u00e1d\u00e1me, financujeme \u010di se pod\u00edl\u00edme na financov\u00e1n\u00ed seri\u00e1l\u016f z\u00e1vod\u016f: \u010cesk\u00e9ho poh\u00e1ru handbike, \u010cesk\u00e9ho poh\u00e1ru MTB, \u010cesk\u00e9ho poh\u00e1ru tandem\u016f, Mistrovstv\u00ed republiky silni\u010dn\u00ed i MTB, d\u00e1le pak m\u00e1me dva po\u0159adatele Evropsk\u00e9ho poh\u00e1ru, Prahu a Louny a v lednu n\u00e1m p\u0159ibude dal\u0161\u00ed p\u0159\u00edr\u016fstek \u2013 Evropsk\u00fd poh\u00e1r na dr\u00e1ze v Praze Motole. <br \/> <img decoding=\"async\" src=\"\/wordpress\/image\/sekretarky\/sekce cyc\/tereza.jpg\" ALIGN=\"right\" HSPACE=5 VSPACE=5\"> <br \/> M\u00e1me velmi aktivn\u00ed kluby, kter\u00e9 doslova \u017eij\u00ed cyklistikou a maj\u00ed obrovskou z\u00e1sluhu na rostouc\u00ed popularit\u011b cyklistiky handicapovan\u00fdch. <\/p>\n<p> M\u00e1me \u00fa\u0159aduj\u00edc\u00edho mistra sv\u011bta a v\u00edt\u011bze Sv\u011btov\u00e9ho poh\u00e1ru &#8211; Jirku Je\u017eka a medailisty mistrovstv\u00ed sv\u011bta, Michala Starka s Tom\u00e1\u0161em Kvasni\u010dkou a poprv\u00e9 v historii \u010desk\u00e9 cyklistiky t\u011blesn\u011b posti\u017een\u00fdch m\u00e1me \u017eenu, schopnou bojovat na mistrovstv\u00ed sv\u011bta o medaile, Terezu Diepoldovou. <\/p>\n<p> <img decoding=\"async\" src=\"\/wordpress\/image\/sekretarky\/sekce cyc\/jezek.jpg\" ALIGN=\"right\" HSPACE=5 VSPACE=5\"> N\u00e1\u0161 handbike se odrazil ode dna, co\u017e dokl\u00e1daj\u00ed \u00fasp\u011bchy Honzy Tom\u00e1nka na Evropsk\u00e9m poh\u00e1ru a tandem \u010cesk\u00e9 republiky se za\u0159adil mezi absolutn\u00ed evropskou \u0161pi\u010dku, co\u017e potvrdili v\u00edt\u011bzstv\u00edm a medailemi z Evropsk\u00fdch poh\u00e1r\u016f. Za obrovsk\u00fd \u00fasp\u011bch pova\u017eujeme, \u017ee \u010cesk\u00e1 cyklistika z\u016fstane v prvn\u00ed sv\u011btov\u00e9 des\u00edtce \u010di alespo\u0148 v t\u011bsn\u00e9m kontaktu s n\u00ed v hodnocen\u00ed n\u00e1rod\u016f. A co je velmi d\u016fle\u017eit\u00e9, m\u00e1me dal\u0161\u00ed talentovan\u00e9 jezdce, brzy o nich usly\u0161\u00edte&#8230;\u201c <\/em>zn\u00ed ofici\u00e1ln\u00ed prohl\u00e1\u0161en\u00ed veden\u00ed sekce cyklistiky a handbike \u010cATHS. <\/p>\n<p><img decoding=\"async\" src=\"\/wordpress\/image\/sekretarky\/sekce cyc\/tomanek.jpg\" ALIGN=\"right\" HSPACE=5 VSPACE=5\"> <br \/> Veden\u00ed sekce se tak\u00e9 rozhodlo u\u010dinit neobvykl\u00fd, nicm\u00e9n\u011b velmi sympatick\u00fd po\u010din. Ka\u017ed\u00fd z\u00e1vodn\u00edk &#8211; handbiker, kter\u00fd je \u010dlenem \u010cATHS a absolvoval n\u011bkter\u00fd ze z\u00e1vod\u016f \u010cesk\u00e9ho poh\u00e1ru handbike www.caths.cz dostane od sekce praktick\u00fd d\u00e1rek v podob\u011b produkt\u016f firem Tufo a Nutrend, jako pod\u011bkov\u00e1n\u00ed za v\u00fdkony v \u010cesk\u00e9m poh\u00e1ru handbike www.caths.cz. <\/p>\n<p> V\u0161e o sekci cyklistiky a handbike \u010cATHS, naleznete <a href=\"http:\/\/www.caths.cz\/index.php?page=cyklistika_new\" target=\"_blank\"> zde<\/a><\/p>\n","protected":false},"excerpt":{"rendered":"<a href=\"https:\/\/www.caths.cz\/wordpress\/sekce-cyklistiky-a-handbike-si-ceni-svych-clenu-a-rozda-jim-darky\/\"><img loading=\"lazy\" decoding=\"async\" width=\"100\" height=\"100\" src=\"https:\/\/www.caths.cz\/wordpress\/wp-content\/plugins\/thumbnail-for-excerpts\/tfe_no_thumb.png\" class=\"alignleft wp-post-image tfe\" alt=\"\" title=\"\" \/><\/a><p>Po\u010detn\u00e1, aktivn\u00ed, ale p\u0159edev\u0161\u00edm funk\u010dn\u00ed sekce cyklistiky a handbike \u010cATHS m\u00e1 za sebou dal\u0161\u00ed, \u00fasp\u011b\u0161nou sez\u00f3nu. M\u00e1me velmi aktivn\u00ed kluby, kter\u00e9 doslova \u017eij\u00ed cyklistikou a maj\u00ed obrovskou z\u00e1sluhu na rostouc\u00ed [&hellip;]<\/p>\n","protected":false},"author":1,"featured_media":0,"comment_status":"closed","ping_status":"closed","sticky":false,"template":"","format":"standard","meta":{"ngg_post_thumbnail":0,"footnotes":""},"categories":[9],"tags":[],"class_list":["post-2034","post","type-post","status-publish","format-standard","hentry","category-handbike"],"_links":{"self":[{"href":"https:\/\/www.caths.cz\/wordpress\/wp-json\/wp\/v2\/posts\/2034","targetHints":{"allow":["GET"]}}],"collection":[{"href":"https:\/\/www.caths.cz\/wordpress\/wp-json\/wp\/v2\/posts"}],"about":[{"href":"https:\/\/www.caths.cz\/wordpress\/wp-json\/wp\/v2\/types\/post"}],"author":[{"embeddable":true,"href":"https:\/\/www.caths.cz\/wordpress\/wp-json\/wp\/v2\/users\/1"}],"replies":[{"embeddable":true,"href":"https:\/\/www.caths.cz\/wordpress\/wp-json\/wp\/v2\/comments?post=2034"}],"version-history":[{"count":0,"href":"https:\/\/www.caths.cz\/wordpress\/wp-json\/wp\/v2\/posts\/2034\/revisions"}],"wp:attachment":[{"href":"https:\/\/www.caths.cz\/wordpress\/wp-json\/wp\/v2\/media?parent=2034"}],"wp:term":[{"taxonomy":"category","embeddable":true,"href":"https:\/\/www.caths.cz\/wordpress\/wp-json\/wp\/v2\/categories?post=2034"},{"taxonomy":"post_tag","embeddable":true,"href":"https:\/\/www.caths.cz\/wordpress\/wp-json\/wp\/v2\/tags?post=2034"}],"curies":[{"name":"wp","href":"https:\/\/api.w.org\/{rel}","templated":true}]}}