{"id":20208,"date":"2015-01-09T11:28:05","date_gmt":"2015-01-09T10:28:05","guid":{"rendered":"http:\/\/www.caths.cz\/wordpress\/?p=20208"},"modified":"2015-01-09T11:28:05","modified_gmt":"2015-01-09T10:28:05","slug":"kariera-stanislava-losky-pohledem-romana-gronskeho","status":"publish","type":"post","link":"https:\/\/www.caths.cz\/wordpress\/kariera-stanislava-losky-pohledem-romana-gronskeho\/","title":{"rendered":"Kari\u00e9ra Stanislava Losky pohledem Romana Gronsk\u00e9ho"},"content":{"rendered":"<p>Roman Gr\u00f3nsk\u00fd je nejenom aktivn\u00edm sportovcem a funkcion\u00e1\u0159em \u010cATHS, ale tak\u00e9 pam\u011btn\u00edkem sportu t\u011blesn\u011b handicapovan\u00fdch.<br \/>\nA pr\u00e1v\u011b Roman p\u0159ivedl Stanislava Losku ke\u00a0sportu handicapovan\u00fdch.<\/p>\n<p>P\u0159e\u010d\u0165\u011bte si zaj\u00edmav\u00fd p\u0159\u00edb\u011bh jednoho z\u00a0na\u0161ich nej\u00fasp\u011b\u0161n\u011bj\u0161\u00edch ly\u017ea\u0159\u016f, v\u00a0autentick\u00e9m pod\u00e1n\u00ed Romana Gronsk\u00e9ho&#8230;<\/p>\n<p><strong>Za\u010d\u00e1tky a \u00fasp\u011bchy Standy Losky v \u0159\u00e1dc\u00edch Romana Gronsk\u00e9ho\u2026<\/strong><\/p>\n<p>Datum narozen\u00ed Standy Losky se dob\u0159e pamatuje, proto\u017ee se narodil p\u0159esn\u011b dva m\u011bs\u00edce p\u0159ed t\u00edm, ne\u017e tanky spojeneck\u00fdch arm\u00e1d udusily v\u00a0r. 1968 z\u00e1rodek kl\u00ed\u010d\u00edc\u00ed demokracie u n\u00e1s.<br \/>\nJi\u017e jako \u017e\u00e1\u010dek, dorostenec i junior se v\u00a0zim\u011b propl\u00e9tal slalomov\u00fdmi brankami a m\u011bl tak na\u0161l\u00e1pnuto na velmi slibnou sportovn\u00ed kari\u00e9ru. Studoval v\u00a0Brn\u011b a dom\u016f do Ostravy se vracel t\u00e9m\u011b\u0159 ka\u017ed\u00fd v\u00edkend vlakem. P\u0159i jedn\u00e9 ze zast\u00e1vek si v\u00a0r. 1988 na olomouck\u00e9m n\u00e1dra\u017e\u00ed odb\u011bhl na per\u00f3n do st\u00e1nku pro ob\u010derstven\u00ed, ale zrovna kdy\u017e platil, tak se vlak za\u010dal rozj\u00ed\u017ed\u011bt. Myslel si, \u017ee v\u0161e stihne i s\u00a0kel\u00edmkem v\u00a0hrsti a pokusil se do vlaku nasko\u010dit. Bohu\u017eel se mu to nepoda\u0159ilo a pod vlak spadl tak ne\u0161\u0165astn\u011b, \u017ee ani rychl\u00fd p\u0159evoz do olomouck\u00e9 Fakultn\u00ed nemocnice a n\u00e1sledn\u00e1 \u0161estihodinov\u00e1 operace \u0161pi\u010dkov\u00e9ho chirurgick\u00e9ho t\u00fdmu ji\u017e ruku nezachr\u00e1nila a musela b\u00fdt v\u00a0nadlokt\u00ed amputov\u00e1na.<br \/>\nUplynulo p\u00e1r let, kdy se musel vyrovn\u00e1vat se sv\u00fdm handikepem, ale l\u00e1ska k\u00a0ly\u017e\u00edm jej neopustila. Dozv\u011bd\u011bl jsem se, \u017ee na Beskydech \u201en\u011bjak\u00fd jednoruk\u00fd mlad\u00edk\u201c slu\u0161n\u011b ly\u017euje a za\u010dal jsem tehdy intenzivn\u011b p\u00e1trat po jeho adrese, co\u017e tehdy, kdy nebyl ani internet ani mobiln\u00ed telefony, nebylo tak jednoduch\u00e9. V\u00a0t\u00e9 dob\u011b ji\u017e u n\u00e1s prob\u00edhaly sout\u011b\u017ee v\u00a0alpsk\u00e9m ly\u017eov\u00e1n\u00ed pro t\u011blesn\u011b posti\u017een\u00e9 jak u n\u00e1s (zejm\u00e9na Krkono\u0161e, Jesen\u00edky), ale tak\u00e9 v\u00a0zahrani\u010d\u00ed. Konala se nejen mistrovstv\u00ed sv\u011bta, ale tak\u00e9 zimn\u00ed paralympi\u00e1dy. V\u00a0t\u00e9 dob\u011b jsem se ji\u017e tak\u00e9 v\u011bnoval jako nadkolenn\u00ed amput\u00e1\u0159 sjezdov\u00e9mu ly\u017eov\u00e1n\u00ed TP a tak \u0161lo o to, odchytit n\u011bkoho n\u011bkde na svahu v\u00a0Jesen\u00edk\u00e1ch nebo v\u00a0Beskydech, kdo na n\u011bj m\u00e1 kontakt. Dobr\u00e1 v\u011bc se poda\u0159ila a tak po m\u00e9m osobn\u00edm kontaktu a vyl\u00ed\u010den\u00ed pr\u016fb\u011bhu sjezdov\u00fdch sout\u011b\u017e\u00ed paralympi\u00e1dy v\u00a0Albertville\/Tignes (r. 1992) se Standa velmi \u00fasp\u011b\u0161n\u011b za\u010dlenil do skupiny TP ly\u017ea\u0159\u016f.\u00a0 Vzhledem ke sv\u00e9 p\u0159edch\u00e1zej\u00edc\u00ed p\u0159\u00edprav\u011b nem\u011bl u n\u00e1s konkurenci a op\u011bt se potvrdilo, \u017ee pokud tr\u00e9novan\u00fd sportovec p\u0159ijde k\u00a0\u00farazu, jeho\u017e n\u00e1sledkem je t\u011blesn\u00e9 posti\u017een\u00ed, m\u00e1 nejlep\u0161\u00ed p\u0159edpoklady vyniknout n\u00e1sledn\u011b i mezi t\u011blesn\u011b posti\u017een\u00fdmi, zejm\u00e9na\u00a0 ve \u201esv\u00e9m\u201c sportu.<br \/>\nV\u00a0r. 1994 ji\u017e byl Standa nominov\u00e1n na paralympi\u00e1du do norsk\u00e9ho Lillehammeru, kde jsem byl tehdy vedouc\u00edm v\u00fdpravy, tlumo\u010dn\u00edkem i kou\u010dem, ale tato paralympi\u00e1da se stala pro mne nezapomenuteln\u00e1. Nejen proto, \u017ee tehdy sjezdoval i Michal Stark (pozd\u011bj\u0161\u00ed \u00fasp\u011b\u0161n\u00fd TP cyklista) nebo Petr Cabadaj (p\u0159ed t\u00edm \u00fasp\u011b\u0161n\u00fd plavec), ale byla to prvn\u00ed paralympi\u00e1da po rozd\u011blen\u00ed na\u0161eho st\u00e1tu na dv\u011b republiky.<br \/>\nV\u00a0\u00favodn\u00edch sjezdov\u00fdch sout\u011b\u017e\u00edch se \u010dlen\u016fm na\u0161eho t\u00fdmu p\u0159\u00edli\u0161 neda\u0159ilo a v\u0161ichni jsme tajn\u011b doufali, \u017ee se v\u0161e zlom\u00ed ve slalomu \u2013 byla to doslova posledn\u00ed nad\u011bje \u2013 posledn\u00ed den kon\u00e1n\u00ed sout\u011b\u017e\u00ed \u2013 posledn\u00ed disciplina. Standa vyrazil do 1. kola slalomu sv\u00fdm typick\u00fdm zp\u016fsobem, tj. \u201ebez b\u00e1zn\u011b a hany\u201c a zajel skv\u011blou 5. pozici p\u0159ed druh\u00fdm kolem. V\u00a0t\u00e9 dob\u011b se jezdily tyto sout\u011b\u017ee rozd\u011blen\u00e9 na skupiny posti\u017een\u00ed a \u201ejeho\u201c skupina LW 6\/8 tj. sportovc\u016f s\u00a0jednostrannou amputac\u00ed horn\u00ed kon\u010detiny byla tehdy velmi nabit\u00e1. Do druh\u00e9ho kola proto \u0161el ji\u017e \u201ehop nebo trop\u201c\u00a0 a zajel skv\u011bl\u00fd \u010das, kter\u00fd jej po v\u00fdpadku 4. v\u00a0po\u0159ad\u00ed z\u00a0prvn\u00edho kola vynesl k\u00a0bronzov\u00e9 medaili. Kdy\u017e jsem pak vid\u011bl filmov\u00fd z\u00e1znam, tak jsem ohromen\u011b z\u00edral na jeho j\u00edzdu, ve kter\u00e9 prosvi\u0161t\u011bl posledn\u00ed t\u0159etinu trati, jakoby neplatily fyzik\u00e1ln\u00ed z\u00e1kony a jen milimetry jej d\u011blily od p\u00e1du nebo \u0161picara.<\/p>\n<p><a href=\"http:\/\/www.caths.cz\/wordpress\/wp-content\/uploads\/2015\/01\/cropped-Sochi16.jpg\"><img loading=\"lazy\" decoding=\"async\" class=\"alignnone size-large wp-image-11539\" src=\"http:\/\/www.caths.cz\/wordpress\/wp-content\/uploads\/2015\/01\/cropped-Sochi16-1024x255.jpg\" alt=\"cropped-Sochi16.jpg\" width=\"600\" height=\"149\" srcset=\"https:\/\/www.caths.cz\/wordpress\/wp-content\/uploads\/2015\/01\/cropped-Sochi16-1024x255.jpg 1024w, https:\/\/www.caths.cz\/wordpress\/wp-content\/uploads\/2015\/01\/cropped-Sochi16-300x75.jpg 300w, https:\/\/www.caths.cz\/wordpress\/wp-content\/uploads\/2015\/01\/cropped-Sochi16-120x30.jpg 120w, https:\/\/www.caths.cz\/wordpress\/wp-content\/uploads\/2015\/01\/cropped-Sochi16.jpg 1080w\" sizes=\"auto, (max-width: 600px) 100vw, 600px\" \/><\/a><br \/>\nJi\u017e se skoro stm\u00edvalo, kdy po\u0159adatel\u00e9 vyhl\u00e1sili v\u00fdsledky p\u0159\u00edmo u dojezdu slalomov\u00e9 trati a Standa cel\u00fd \u0161\u0165astn\u00fd s\u00a0medail\u00ed na krku hodil p\u00e1r v\u011bc\u00ed do ruksaku v\u010d. specieln\u00ed d\u0159ev\u011bn\u00e9 krabi\u010dky na medaili, odp\u00edchl se svou jednou hol\u00ed a sjel p\u00e1r set metr\u016f k\u00a0na\u0161\u00ed bu\u0148ce s\u00a0ly\u017eemi a dal\u0161\u00edm vybaven\u00edm. Za chv\u00edli jsem tam dorazil i j\u00e1 a pt\u00e1m se jej: \u201eA kde m\u00e1\u0161 tu medaili\u201c Odv\u011btil \u201eNo p\u0159ece na krku!\u201c No jo, jen\u017ee na krku m\u011bl pouze stuhu v\u00a0norsk\u00e9 trikol\u00f3\u0159e s\u00a0kovovou desti\u010dkou, na kter\u00e9 byl zbytek krou\u017eku, na kter\u00e9m p\u016fvodn\u011b visela t\u011b\u017ek\u00e1 dvojd\u00edln\u00e1 bronzov\u00e1 medaile \u2013 ta ale zmizela n\u011bkde cestou ve sn\u011bhu\u2026 \u201eNo nev\u011b\u0161 hlavu, j\u00e1 to zkus\u00edm n\u011bjak za\u0159\u00eddit\u201c a p\u0159evzal jsem od n\u011bj tu krabi\u010dku se stuhou. Ve\u010der na veden\u00ed paralympijsk\u00fdch her jsem z\u00edskal n\u00e1hradn\u00ed, ale \u00fapln\u011b stejnou krabi\u010dku\u00a0 s\u00a0kompletn\u00ed medail\u00ed, kterou jsem pak Standovi p\u0159edal. Ale ta p\u016fvodn\u00ed krabi\u010dka se stuhou, kterou m\u011bl na krku po vyhl\u00e1\u0161en\u00ed v\u00fdsledk\u016f na svahu mi z\u016fstala dodnes na pam\u00e1tku. Medaile je o to cenn\u011bj\u0161\u00ed, \u017ee je jedinou medail\u00ed, kterou \u010desk\u00fd reprezentant dovezl z\u00a0Lillehammeru (na olympi\u00e1d\u011b tehdy v\u0161ichni \u010de\u0161t\u00ed sportovci propadli a ani hokejist\u00e9 tehdy \u017e\u00e1dn\u00fd cenn\u00fd kov nedovezli). Ne n\u00e1hodou byl tak\u00e9 za r. 1994 vyhl\u00e1\u0161en jako jeden z\u00a0nej\u00fasp\u011b\u0161n\u011bj\u0161\u00edch sportovc\u016f republiky a pro oba z\u00a0n\u00e1s z\u016fstanou nezapomenuteln\u00e9 vzpom\u00ednky na ve\u010der po vyhl\u00e1\u0161en\u00ed v\u00a0hotelu Praha, kdy jsme u jednoho stolu sed\u011bli s\u00a0Katkou Neumannovou, o\u0161t\u011bpa\u0159em Janem \u017delezn\u00fdm, hokejov\u00fdm brank\u00e1\u0159em Romanem Ha\u0161kem, fotbalov\u00fdm reprezentantem a tehdy v\u00a0Japonsku p\u016fsob\u00edc\u00edm Ivanem Ha\u0161kem. P\u0159ed t\u00edm jsme si je\u0161t\u011b popov\u00eddali nejen s\u00a0motocyklov\u00fdm z\u00e1vodn\u00edkem Franti\u0161kem \u0160\u0165astn\u00fdm a sed\u011bli u stolu s\u00a0Ale\u0161em Lopraisem\u2026<\/p>\n<p><a href=\"http:\/\/www.caths.cz\/wordpress\/wp-content\/uploads\/2015\/01\/P1110433.jpg\"><img loading=\"lazy\" decoding=\"async\" class=\"alignnone size-full wp-image-20209\" src=\"http:\/\/www.caths.cz\/wordpress\/wp-content\/uploads\/2015\/01\/P1110433.jpg\" alt=\"P1110433\" width=\"497\" height=\"882\" srcset=\"https:\/\/www.caths.cz\/wordpress\/wp-content\/uploads\/2015\/01\/P1110433.jpg 497w, https:\/\/www.caths.cz\/wordpress\/wp-content\/uploads\/2015\/01\/P1110433-169x300.jpg 169w, https:\/\/www.caths.cz\/wordpress\/wp-content\/uploads\/2015\/01\/P1110433-68x120.jpg 68w\" sizes=\"auto, (max-width: 497px) 100vw, 497px\" \/><\/a><\/p>\n<p>Standa v\u00a0n\u00e1sleduj\u00edc\u00edch letech \u00fasp\u011b\u0161n\u011b reprezentoval na\u0161i republiku na mnoha svaz\u00edch ve sv\u011btov\u00e9m poh\u00e1ru, mistrovstv\u00edch sv\u011bta i na P\u011aTI paralympi\u00e1d\u00e1ch. To je tedy pro sjezda\u0159e \u00factyhodn\u00fd v\u00fdkon a jeho v\u00fdsledky si v\u00a0sou\u010dasn\u00e9 dob\u011b m\u016f\u017ee ka\u017ed\u00fd lehce vygooglovat a jen ti\u0161e z\u00e1vid\u011bt\u2026<\/p>\n<p>Byl jsem s\u00a0n\u00edm na v\u0161ech sv\u011btov\u00fdch sout\u011b\u017e\u00edch a paralympi\u00e1d\u00e1ch a\u017e do r. 2001 a tak dob\u0159e v\u00edm, jak\u00fdm je t\u011blem i du\u0161\u00ed poctiv\u00fd sportovec. To, \u017ee nyn\u00ed s\u00a0aktivn\u00edm z\u00e1vodn\u00edm ly\u017eov\u00e1n\u00edm kon\u010d\u00ed v\u00a0d\u016fsledku nep\u0159\u00edjemn\u00e9ho zran\u011bn\u00ed je velk\u00e1 \u0161koda, ale byl doslova \u201eposledn\u00edm mohyk\u00e1nem\u201c ze sjezda\u0159\u016f 90. let, kter\u00fd vydr\u017eel tak dlouho \u00fasp\u011b\u0161n\u011b sout\u011b\u017eit i s\u00a0v\u011bkov\u011b podstatn\u011b mlad\u0161\u00edmi.<\/p>\n<p>Stando, d\u00edky za v\u0161echno \u2013 dej se hlavn\u011b zdravotn\u011b do po\u0159\u00e1dku a asi by ne\u0161kodilo, kdybys sepsal sv\u00e9 sportovn\u00ed pam\u011bti\u2026 je\u0161t\u011b sice nem\u00e1\u0161 pades\u00e1t, ale d\u00e1t dohromady takovou kn\u00ed\u017eku bude trvat n\u011bjakou dobu!<\/p>\n<p>V\u00a0Olomouci, dne 6.1.2015<\/p>\n<p><a href=\"http:\/\/www.caths.cz\/wordpress\/wp-content\/uploads\/2015\/01\/roman-gronsk\u00fd.jpg\"><img loading=\"lazy\" decoding=\"async\" class=\"alignnone size-full wp-image-20210\" src=\"http:\/\/www.caths.cz\/wordpress\/wp-content\/uploads\/2015\/01\/roman-gronsk\u00fd.jpg\" alt=\"roman gronsk\u00fd\" width=\"630\" height=\"283\" srcset=\"https:\/\/www.caths.cz\/wordpress\/wp-content\/uploads\/2015\/01\/roman-gronsk\u00fd.jpg 630w, https:\/\/www.caths.cz\/wordpress\/wp-content\/uploads\/2015\/01\/roman-gronsk\u00fd-300x135.jpg 300w, https:\/\/www.caths.cz\/wordpress\/wp-content\/uploads\/2015\/01\/roman-gronsk\u00fd-120x54.jpg 120w\" sizes=\"auto, (max-width: 630px) 100vw, 630px\" \/><\/a><\/p>\n","protected":false},"excerpt":{"rendered":"<a href=\"https:\/\/www.caths.cz\/wordpress\/kariera-stanislava-losky-pohledem-romana-gronskeho\/\"><img width=\"100\" height=\"100\" src=\"https:\/\/www.caths.cz\/wordpress\/wp-content\/uploads\/2015\/01\/cropped-Sochi16-100x100.jpg\" class=\"alignleft tfe wp-post-image\" alt=\"\" decoding=\"async\" loading=\"lazy\" srcset=\"https:\/\/www.caths.cz\/wordpress\/wp-content\/uploads\/2015\/01\/cropped-Sochi16-100x100.jpg 100w, https:\/\/www.caths.cz\/wordpress\/wp-content\/uploads\/2015\/01\/cropped-Sochi16-150x150.jpg 150w\" sizes=\"auto, (max-width: 100px) 100vw, 100px\" \/><\/a><p>Roman Gr\u00f3nsk\u00fd je nejenom aktivn\u00edm sportovcem a funkcion\u00e1\u0159em \u010cATHS, ale tak\u00e9 pam\u011btn\u00edkem sportu t\u011blesn\u011b handicapovan\u00fdch. A pr\u00e1v\u011b Roman p\u0159ivedl Stanislava Losku ke\u00a0sportu handicapovan\u00fdch. P\u0159e\u010d\u0165\u011bte si zaj\u00edmav\u00fd p\u0159\u00edb\u011bh jednoho z\u00a0na\u0161ich nej\u00fasp\u011b\u0161n\u011bj\u0161\u00edch [&hellip;]<\/p>\n","protected":false},"author":1,"featured_media":11539,"comment_status":"closed","ping_status":"closed","sticky":false,"template":"","format":"standard","meta":{"ngg_post_thumbnail":0,"footnotes":""},"categories":[14],"tags":[],"class_list":["post-20208","post","type-post","status-publish","format-standard","has-post-thumbnail","hentry","category-lyzovani"],"_links":{"self":[{"href":"https:\/\/www.caths.cz\/wordpress\/wp-json\/wp\/v2\/posts\/20208","targetHints":{"allow":["GET"]}}],"collection":[{"href":"https:\/\/www.caths.cz\/wordpress\/wp-json\/wp\/v2\/posts"}],"about":[{"href":"https:\/\/www.caths.cz\/wordpress\/wp-json\/wp\/v2\/types\/post"}],"author":[{"embeddable":true,"href":"https:\/\/www.caths.cz\/wordpress\/wp-json\/wp\/v2\/users\/1"}],"replies":[{"embeddable":true,"href":"https:\/\/www.caths.cz\/wordpress\/wp-json\/wp\/v2\/comments?post=20208"}],"version-history":[{"count":1,"href":"https:\/\/www.caths.cz\/wordpress\/wp-json\/wp\/v2\/posts\/20208\/revisions"}],"predecessor-version":[{"id":20211,"href":"https:\/\/www.caths.cz\/wordpress\/wp-json\/wp\/v2\/posts\/20208\/revisions\/20211"}],"wp:featuredmedia":[{"embeddable":true,"href":"https:\/\/www.caths.cz\/wordpress\/wp-json\/wp\/v2\/media\/11539"}],"wp:attachment":[{"href":"https:\/\/www.caths.cz\/wordpress\/wp-json\/wp\/v2\/media?parent=20208"}],"wp:term":[{"taxonomy":"category","embeddable":true,"href":"https:\/\/www.caths.cz\/wordpress\/wp-json\/wp\/v2\/categories?post=20208"},{"taxonomy":"post_tag","embeddable":true,"href":"https:\/\/www.caths.cz\/wordpress\/wp-json\/wp\/v2\/tags?post=20208"}],"curies":[{"name":"wp","href":"https:\/\/api.w.org\/{rel}","templated":true}]}}