{"id":20198,"date":"2015-01-08T12:07:56","date_gmt":"2015-01-08T11:07:56","guid":{"rendered":"http:\/\/www.caths.cz\/wordpress\/?p=20198"},"modified":"2015-01-08T15:53:03","modified_gmt":"2015-01-08T14:53:03","slug":"lyzar-stanislav-loska-se-rozhodl-ze-zdravotnich-duvodu-ukoncit-karieru","status":"publish","type":"post","link":"https:\/\/www.caths.cz\/wordpress\/lyzar-stanislav-loska-se-rozhodl-ze-zdravotnich-duvodu-ukoncit-karieru\/","title":{"rendered":"Ly\u017ea\u0159 Stanislav Loska se rozhodl ze zdravotn\u00edch d\u016fvod\u016f ukon\u010dit kari\u00e9ru"},"content":{"rendered":"<p>&nbsp;<\/p>\n<p>V\u00a0\u00fater\u00fd jsme v\u00e1s informovali o neut\u011b\u0161en\u00e9 zdravotn\u00ed situaci v\u00a0ly\u017ea\u0159sk\u00e9 reprezentaci a dnes, bohu\u017eel p\u0159in\u00e1\u0161\u00edme dal\u0161\u00ed, neradostnou zpr\u00e1vu.<br \/>\nNej\u00fasp\u011b\u0161n\u011bj\u0161\u00ed t\u011blesn\u011b handicapovan\u00fd ly\u017ea\u0159 posledn\u00edch let, Stanislav Loska se rozhodl ukon\u010dit svou bohatou a velmi \u00fasp\u011b\u0161nou ly\u017ea\u0159skou kari\u00e9ru.<\/p>\n<p><em>\u201e D\u016fvodem je zdrav\u00ed, probl\u00e9my s\u00a0koleny a m\u016fj v\u011bk\u201c<\/em> komentuje sv\u00e9 rozhodnut\u00ed slavn\u00fd ly\u017ea\u0159 a z\u00e1rove\u0148 dod\u00e1v\u00e1 <em>\u201e D\u011bkuji v\u0161em za spolupr\u00e1ci a podporu, \u017ee jsem mohl tak dlouho z\u00e1vodit a reprezentovat.\u201c <\/em><\/p>\n<p>Stanislav Loska je v\u00fdraznou postavou \u010desk\u00e9ho sportu handicapovan\u00fdch, mnoho ly\u017ea\u0159sk\u00fdch odborn\u00edk\u016f \u010dasto hovo\u0159\u00ed, v\u00a0p\u0159\u00edpad\u011b Standy o \u201etalentu od p\u00e1naboha\u201c.<br \/>\nTuto skute\u010dnost Stanislav Loska potvrdil mnohokr\u00e1t a vypracoval se v opravdovou legendu \u010desk\u00e9ho alpsk\u00e9ho ly\u017eov\u00e1n\u00ed handicapovan\u00fdch.<\/p>\n<p>46let\u00fd in\u017een\u00fdr byl poprv\u00e9 \u00fa\u010dastn\u00edkem paralympijsk\u00fdch her v Lillehammeru v roce 1994 a m\u00e1 na sv\u00e9m kont\u011b \u00fa\u010dast a \u00fasp\u011bch z celkem \u0161esti paralympi\u00e1d. Tou posledn\u00ed byly lo\u0148sk\u00e9 paralympijsk\u00e9 hry v So\u010di.<\/p>\n<p>Z nejv\u00fdzna\u010dn\u011bj\u0161\u00edch \u00fasp\u011bch\u016f Stanislava Losky jmenujme:<br \/>\nParalympijsk\u00e9 hry Lillehammer\u00a01994- 3. m\u00edsto slalom<br \/>\nParalympijsk\u00e9 hry Nagano 1998 &#8211; 4. m\u00edsto slalom<br \/>\nParalympijsk\u00e9 hry Salt Lake City 2002 &#8211; 4. m\u00edsto Super G<br \/>\na dal\u0161\u00ed \u0159adu vynikaj\u00edc\u00edch \u00fasp\u011bch\u016f na mistrovstv\u00edch sv\u011bta, sv\u011btov\u00fdch poh\u00e1rech aj.<\/p>\n<p>Veden\u00ed \u010cATHS touto cestou ve\u0159ejn\u011b d\u011bkuje Stanislavu Loskovi za mimo\u0159\u00e1dn\u011b \u00fasp\u011b\u0161nou, mnohaletou reprezentaci \u010cesk\u00e9 republiky.<\/p>\n<p>Tak Stando, d\u011bkujeme&#8230;!<\/p>\n<p><a href=\"http:\/\/www.caths.cz\/wordpress\/wp-content\/uploads\/2015\/01\/standa_ctrnacty_na_slalomu.jpg\"><img loading=\"lazy\" decoding=\"async\" class=\"alignnone size-full wp-image-20199\" src=\"http:\/\/www.caths.cz\/wordpress\/wp-content\/uploads\/2015\/01\/standa_ctrnacty_na_slalomu.jpg\" alt=\"standa_ctrnacty_na_slalomu\" width=\"720\" height=\"722\" srcset=\"https:\/\/www.caths.cz\/wordpress\/wp-content\/uploads\/2015\/01\/standa_ctrnacty_na_slalomu.jpg 720w, https:\/\/www.caths.cz\/wordpress\/wp-content\/uploads\/2015\/01\/standa_ctrnacty_na_slalomu-150x150.jpg 150w, https:\/\/www.caths.cz\/wordpress\/wp-content\/uploads\/2015\/01\/standa_ctrnacty_na_slalomu-300x300.jpg 300w, https:\/\/www.caths.cz\/wordpress\/wp-content\/uploads\/2015\/01\/standa_ctrnacty_na_slalomu-100x100.jpg 100w, https:\/\/www.caths.cz\/wordpress\/wp-content\/uploads\/2015\/01\/standa_ctrnacty_na_slalomu-120x120.jpg 120w\" sizes=\"auto, (max-width: 720px) 100vw, 720px\" \/><\/a><\/p>\n","protected":false},"excerpt":{"rendered":"<a href=\"https:\/\/www.caths.cz\/wordpress\/lyzar-stanislav-loska-se-rozhodl-ze-zdravotnich-duvodu-ukoncit-karieru\/\"><img width=\"100\" height=\"100\" src=\"https:\/\/www.caths.cz\/wordpress\/wp-content\/uploads\/2015\/01\/standa_ctrnacty_na_slalomu-100x100.jpg\" class=\"alignleft tfe wp-post-image\" alt=\"\" decoding=\"async\" loading=\"lazy\" srcset=\"https:\/\/www.caths.cz\/wordpress\/wp-content\/uploads\/2015\/01\/standa_ctrnacty_na_slalomu-100x100.jpg 100w, https:\/\/www.caths.cz\/wordpress\/wp-content\/uploads\/2015\/01\/standa_ctrnacty_na_slalomu-150x150.jpg 150w, https:\/\/www.caths.cz\/wordpress\/wp-content\/uploads\/2015\/01\/standa_ctrnacty_na_slalomu-300x300.jpg 300w, https:\/\/www.caths.cz\/wordpress\/wp-content\/uploads\/2015\/01\/standa_ctrnacty_na_slalomu-120x120.jpg 120w, https:\/\/www.caths.cz\/wordpress\/wp-content\/uploads\/2015\/01\/standa_ctrnacty_na_slalomu.jpg 720w\" sizes=\"auto, (max-width: 100px) 100vw, 100px\" \/><\/a><p>&nbsp; V\u00a0\u00fater\u00fd jsme v\u00e1s informovali o neut\u011b\u0161en\u00e9 zdravotn\u00ed situaci v\u00a0ly\u017ea\u0159sk\u00e9 reprezentaci a dnes, bohu\u017eel p\u0159in\u00e1\u0161\u00edme dal\u0161\u00ed, neradostnou zpr\u00e1vu. Nej\u00fasp\u011b\u0161n\u011bj\u0161\u00ed t\u011blesn\u011b handicapovan\u00fd ly\u017ea\u0159 posledn\u00edch let, Stanislav Loska se rozhodl ukon\u010dit svou [&hellip;]<\/p>\n","protected":false},"author":1,"featured_media":20199,"comment_status":"closed","ping_status":"closed","sticky":false,"template":"","format":"standard","meta":{"ngg_post_thumbnail":0,"footnotes":""},"categories":[14],"tags":[],"class_list":["post-20198","post","type-post","status-publish","format-standard","has-post-thumbnail","hentry","category-lyzovani"],"_links":{"self":[{"href":"https:\/\/www.caths.cz\/wordpress\/wp-json\/wp\/v2\/posts\/20198","targetHints":{"allow":["GET"]}}],"collection":[{"href":"https:\/\/www.caths.cz\/wordpress\/wp-json\/wp\/v2\/posts"}],"about":[{"href":"https:\/\/www.caths.cz\/wordpress\/wp-json\/wp\/v2\/types\/post"}],"author":[{"embeddable":true,"href":"https:\/\/www.caths.cz\/wordpress\/wp-json\/wp\/v2\/users\/1"}],"replies":[{"embeddable":true,"href":"https:\/\/www.caths.cz\/wordpress\/wp-json\/wp\/v2\/comments?post=20198"}],"version-history":[{"count":8,"href":"https:\/\/www.caths.cz\/wordpress\/wp-json\/wp\/v2\/posts\/20198\/revisions"}],"predecessor-version":[{"id":20207,"href":"https:\/\/www.caths.cz\/wordpress\/wp-json\/wp\/v2\/posts\/20198\/revisions\/20207"}],"wp:featuredmedia":[{"embeddable":true,"href":"https:\/\/www.caths.cz\/wordpress\/wp-json\/wp\/v2\/media\/20199"}],"wp:attachment":[{"href":"https:\/\/www.caths.cz\/wordpress\/wp-json\/wp\/v2\/media?parent=20198"}],"wp:term":[{"taxonomy":"category","embeddable":true,"href":"https:\/\/www.caths.cz\/wordpress\/wp-json\/wp\/v2\/categories?post=20198"},{"taxonomy":"post_tag","embeddable":true,"href":"https:\/\/www.caths.cz\/wordpress\/wp-json\/wp\/v2\/tags?post=20198"}],"curies":[{"name":"wp","href":"https:\/\/api.w.org\/{rel}","templated":true}]}}