{"id":2016,"date":"2011-09-18T22:05:06","date_gmt":"2011-09-18T21:05:06","guid":{"rendered":"http:\/\/www.caths.cz\/wordpress\/?p=2016"},"modified":"2011-09-18T22:05:06","modified_gmt":"2011-09-18T21:05:06","slug":"4-zlate-medaile-z-evropskeho-poharu-v-praze-na-strahove-zustavaji-v-ceske-republice","status":"publish","type":"post","link":"https:\/\/www.caths.cz\/wordpress\/4-zlate-medaile-z-evropskeho-poharu-v-praze-na-strahove-zustavaji-v-ceske-republice\/","title":{"rendered":"4 zlat\u00e9 medaile z Evropsk\u00e9ho poh\u00e1ru v Praze na Strahov\u011b z\u016fst\u00e1vaj\u00ed v \u010cesk\u00e9 republice!"},"content":{"rendered":"<p align=\"justify\">\nPra\u017esk\u00fd Strahov byl d\u011bji\u0161t\u011bm vrcholn\u00e9ho mezin\u00e1rodn\u00edho podniku handicapovan\u00fdch cyklist\u016f. V sobotu 17. z\u00e1\u0159\u00ed  se zde se\u0161la sou\u010dasn\u00e1 \u0161pi\u010dka, nejenom evropsk\u00e9 paracyklistiky, ke sv\u00e9mu fin\u00e1lov\u00e9mu z\u00e1vodu.<\/p>\n<p align=\"justify\"> Z\u00e1vod za\u0159azen\u00fd do vysok\u00e9 kategorie UCI &#8211; P1 byl velmi \u00fasp\u011b\u0161n\u00fd pro na\u0161e barvy a v\u00edt\u011bzstv\u00ed ve sv\u00fdch kategori\u00edch pro \u010ceskou republiku vybojovali Tereza Diepoldov\u00e1 (C2), Ji\u0159\u00ed Je\u017eek (C4) Ivo Koblasa (C3) a tricyklista Roman \u0160ejna (T2). <br \/><img decoding=\"async\" src=\"\/wordpress\/image\/k_clankum\/ecp_2011_1 1558.jpg\" ALIGN=\"right\" HSPACE=5 VSPACE=5\"> T\u011b\u017ek\u00fd z\u00e1vod s n\u00e1ro\u010dn\u00fdm stoup\u00e1n\u00edm zvl\u00e1dl Ji\u0159\u00ed Je\u017eek (DAS \u2013 Duratec) zcela fam\u00f3zn\u00edm zp\u016fsobem, kdy\u017e se stal i celkov\u00fdm v\u00edt\u011bzem z\u00e1vodu bez ohledu na handicap a zakon\u010dil tak svou v\u00fdjime\u010dnou leto\u0161n\u00ed sez\u00f3nu. V roce 2011 se Jirka stal dr\u00e1hov\u00fdm mistrem sv\u011bta, vicemistrem sv\u011bta v \u010dasovce, celkov\u00fdm v\u00edt\u011bzem Sv\u011btov\u00e9ho poh\u00e1ru a nepora\u017een byl i ve v\u0161ech z\u00e1vodech Evropsk\u00e9ho poh\u00e1ru ve kter\u00fdch startoval. Naprosto obdivuhodn\u00e1 sez\u00f3na 2011 \u010din\u00ed z Ji\u0159\u00edho Je\u017eka nejv\u00e1\u017en\u011bj\u0161\u00edho kandid\u00e1ta na titul &#8222;Handicapovan\u00fd sportovec roku 2011&#8220;, opravdu t\u011b\u017eko bychom toti\u017e hledali Jirkovi pro tento &#8222;z\u00e1vod&#8220; soupe\u0159e nejenom u n\u00e1s doma, ale i v celosv\u011btov\u00e9m m\u011b\u0159\u00edtku.<br \/> Velmi pot\u011b\u0161iteln\u00e9 je sledovat v\u00fdkonnostn\u00ed vzestup dal\u0161\u00edch na\u0161ich cyklist\u016f kategorie C4, v\u00fdborn\u00e9 \u010dtvrt\u00e9 m\u00edsto vybojoval st\u00e1le se lep\u0161\u00edc\u00ed Jan Bicek a p\u00e1t\u00e9 jeho tr\u00e9ninkov\u00fd kolega Tom\u00e1\u0161 Korbi\u010dka. Oba dva jsou ji\u017e samoz\u0159ejm\u011b v hled\u00e1\u010dku reprezenta\u010dn\u00edho tren\u00e9ra a v p\u0159\u00ed\u0161t\u00edm roce by m\u011bli pos\u00edlit n\u00e1\u0161 reprezenta\u010dn\u00ed t\u00fdm na vybran\u00fdch z\u00e1vodech Evropsk\u00e9ho a p\u0159\u00edpadn\u011b i Sv\u011btov\u00e9ho poh\u00e1ru.<br \/> A stejn\u011b nad\u011bjn\u00e9 je i p\u00e1t\u00e9 m\u00edsto na\u0161\u00ed nov\u00e9 posily kategorie C5, Tom\u00e1\u0161e Kajnara. A i Tom\u00e1\u0161 velmi pravd\u011bpodobn\u011b obdr\u017e\u00ed pozv\u00e1nku do reprezenta\u010dn\u00edho t\u00fdmu.<br \/><img decoding=\"async\" src=\"\/wordpress\/image\/k_clankum\/ecp_2011_1 2132.jpg\" ALIGN=\"right\" HSPACE=5 VSPACE=5\"> Velikou radost n\u00e1m d\u011bl\u00e1 Tereza Diepoldov\u00e1 (Nutrend Specialized). Dvojn\u00e1sobn\u00e1 medailistka z mistrovstv\u00ed sv\u011bta v D\u00e1nsku zvl\u00e1dla pra\u017esk\u00fd z\u00e1vod podobn\u011b suver\u00e9nn\u00edm zp\u016fsobem, jako Jirka a jej\u00ed v\u00fdjime\u010dn\u00fd talent i v\u00fdkonnostn\u00ed vzestup je velik\u00fdm p\u0159\u00edslibem do budoucna.<br \/> Z\u00e1vod handbike se jel ve vynikaj\u00edc\u00ed konkurenci, kterou pochvaloval i expert pro tuto kategorii a osobn\u00ed tren\u00e9r Honzy Tom\u00e1nka, Radovan \u0160abata. A pr\u00e1v\u011b nejmlad\u0161\u00ed \u010dlen sv\u011btov\u00e9ho polotonu, Jan Tom\u00e1nek, zvl\u00e1dl z\u00e1vod se sv\u00fdmi slavn\u00fdmi soupe\u0159i v\u00edce ne\u017e bravurn\u011b. Druh\u00e9 m\u00edsto je dal\u0161\u00edm \u00fasp\u011bchem mlad\u00e9ho, talentovan\u00e9ho handbikera.<br \/> Pot\u011b\u0161iteln\u00e9 je, \u017ee po nep\u0159\u00edjemn\u00e9m zran\u011bn\u00ed se rychle vrac\u00ed do sv\u00e9 formy i Michal \u0160i\u0161ka. Z\u00e1vodn\u00edk t\u00fdmu Nutrend Specialized zaostal pouh\u00fdch osm sekund od medaile, na \u010dtvrt\u00e9 p\u0159\u00ed\u010dce, co\u017e je vzhledem ke konkurenci z\u00e1vodu opravdov\u00fd \u00fasp\u011bch. <\/p>\n<p> Po\u0159adatel\u00e9 Evropsk\u00e9ho poh\u00e1ru ji\u017e ozn\u00e1mili i term\u00edn z\u00e1vodu pro rok 2012. Fin\u00e1lov\u00fd z\u00e1vod Evropsk\u00e9ho poh\u00e1ru pra\u017esk\u00fd Strahov p\u0159iv\u00edt\u00e1 ve dnech 29. \u2013 30. z\u00e1\u0159\u00ed 2012. <br \/> A v jedn\u00e1n\u00ed je u\u017e i rok 2013, kdy bychom v Praze mohli p\u0159iv\u00edtat celosv\u011btovou konkurenci handicapovan\u00fdch cyklist\u016f. Po\u0159adatelsk\u00fd t\u00fdm SK Handicapovan\u00fdch cyklist\u016f Praha toti\u017e velmi v\u00e1\u017en\u011b zva\u017euje kandidaturu Prahy na fin\u00e1lov\u00fd z\u00e1vod Sv\u011btov\u00e9ho poh\u00e1ru. <\/p>\n","protected":false},"excerpt":{"rendered":"<a href=\"https:\/\/www.caths.cz\/wordpress\/4-zlate-medaile-z-evropskeho-poharu-v-praze-na-strahove-zustavaji-v-ceske-republice\/\"><img loading=\"lazy\" decoding=\"async\" width=\"100\" height=\"100\" src=\"https:\/\/www.caths.cz\/wordpress\/wp-content\/plugins\/thumbnail-for-excerpts\/tfe_no_thumb.png\" class=\"alignleft wp-post-image tfe\" alt=\"\" title=\"\" \/><\/a><p>Pra\u017esk\u00fd Strahov byl d\u011bji\u0161t\u011bm vrcholn\u00e9ho mezin\u00e1rodn\u00edho podniku handicapovan\u00fdch cyklist\u016f. V sobotu 17. z\u00e1\u0159\u00ed se zde se\u0161la sou\u010dasn\u00e1 \u0161pi\u010dka, nejenom evropsk\u00e9 paracyklistiky, ke sv\u00e9mu fin\u00e1lov\u00e9mu z\u00e1vodu. Z\u00e1vod za\u0159azen\u00fd do vysok\u00e9 kategorie [&hellip;]<\/p>\n","protected":false},"author":1,"featured_media":0,"comment_status":"closed","ping_status":"closed","sticky":false,"template":"","format":"standard","meta":{"ngg_post_thumbnail":0,"footnotes":""},"categories":[2],"tags":[],"class_list":["post-2016","post","type-post","status-publish","format-standard","hentry","category-cyklistika"],"_links":{"self":[{"href":"https:\/\/www.caths.cz\/wordpress\/wp-json\/wp\/v2\/posts\/2016","targetHints":{"allow":["GET"]}}],"collection":[{"href":"https:\/\/www.caths.cz\/wordpress\/wp-json\/wp\/v2\/posts"}],"about":[{"href":"https:\/\/www.caths.cz\/wordpress\/wp-json\/wp\/v2\/types\/post"}],"author":[{"embeddable":true,"href":"https:\/\/www.caths.cz\/wordpress\/wp-json\/wp\/v2\/users\/1"}],"replies":[{"embeddable":true,"href":"https:\/\/www.caths.cz\/wordpress\/wp-json\/wp\/v2\/comments?post=2016"}],"version-history":[{"count":0,"href":"https:\/\/www.caths.cz\/wordpress\/wp-json\/wp\/v2\/posts\/2016\/revisions"}],"wp:attachment":[{"href":"https:\/\/www.caths.cz\/wordpress\/wp-json\/wp\/v2\/media?parent=2016"}],"wp:term":[{"taxonomy":"category","embeddable":true,"href":"https:\/\/www.caths.cz\/wordpress\/wp-json\/wp\/v2\/categories?post=2016"},{"taxonomy":"post_tag","embeddable":true,"href":"https:\/\/www.caths.cz\/wordpress\/wp-json\/wp\/v2\/tags?post=2016"}],"curies":[{"name":"wp","href":"https:\/\/api.w.org\/{rel}","templated":true}]}}