{"id":2014,"date":"2011-09-18T15:42:36","date_gmt":"2011-09-18T14:42:36","guid":{"rendered":"http:\/\/www.caths.cz\/wordpress\/?p=2014"},"modified":"2011-09-18T15:42:36","modified_gmt":"2011-09-18T14:42:36","slug":"vitezem-ceskeho-poharu-v-discipline-p1-a-p3-se-stal-vladimir-marcan-a-v-discipline-p4-josef-skvaro","status":"publish","type":"post","link":"https:\/\/www.caths.cz\/wordpress\/vitezem-ceskeho-poharu-v-discipline-p1-a-p3-se-stal-vladimir-marcan-a-v-discipline-p4-josef-skvaro\/","title":{"rendered":"V\u00edt\u011bzem \u010cesk\u00e9ho poh\u00e1ru v discipl\u00edn\u011b P1 a P3 se stal Vladim\u00edr Mar\u010dan a v discipl\u00edn\u011b P4 Josef \u0160kvaro."},"content":{"rendered":"<p align=\"justify\">   Ve dnech 3.-4.9. se konalo v Plzni fin\u00e1le \u010cP. O Titul V\u00edt\u011bz \u010cesk\u00e9ho poh\u00e1ru si to rozdalo \u0161est nominovan\u00fdch st\u0159elc\u016f v discipl\u00edn\u00e1ch P1, P3 a P4. V sobotu \u0161est st\u0159elc\u016f kategorie SH1 sout\u011b\u017eili v discipl\u00edn\u011b P1 &#8211;  vzduchov\u00e1 pistole 60 ran na 10 metr\u016f.<\/p>\n<p align=\"justify\"> Nejl\u00e9pe se vedlo Vladim\u00edru Mar\u010danovi, kter\u00e9mu na v\u00edt\u011bzstv\u00ed sta\u010dilo nast\u0159\u00edlet 517 bod\u016f, druh\u00fd skon\u010dil Roman Gronsk\u00fd 506 bod\u016f a t\u0159et\u00ed Josef \u0160kvaro 504 bod\u016f.<br \/> V ned\u011bli fin\u00e1le pokra\u010dovalo discipl\u00ednou P4 &#8211; libovoln\u00e1 pistole 60 ran na 50 metr\u016f. Zv\u00edt\u011bzil Josef \u0160kvaro s n\u00e1st\u0159elem 450 bod\u016f p\u0159ed druh\u00fdm Vladim\u00edrem Pi\u0161t\u011bck\u00fdm a t\u0159et\u00edm Miroslavem Krystyn\u00edkem. Odpoledne pokra\u010dovalo discipl\u00ednou P3 &#8211; sportovn\u00ed pistole 30+30 ran na 25 metr\u016f, kde zv\u00edt\u011bzil Vladim\u00edr Mar\u010dan\/541 bod\u016f, na druh\u00e9m m\u00edst\u011b se um\u00edstil Roman Gronsk\u00fd\/524 bod\u016f a t\u0159et\u00ed m\u00edsto obsadil Miroslav Krystyn\u00edk s n\u00e1st\u0159elem 524 bod\u016f.<br \/> \/vm\/<\/p>\n<p> <img decoding=\"async\" src=\"\/wordpress\/image\/sekretarky\/pifpaf\/008.JPG\">.<br \/>.<br \/> <img decoding=\"async\" src=\"\/wordpress\/image\/sekretarky\/pifpaf\/009.JPG\">.<br \/>.<br \/> <img decoding=\"async\" src=\"\/wordpress\/image\/sekretarky\/pifpaf\/010.JPG\">.<br \/>.<\/p>\n","protected":false},"excerpt":{"rendered":"<a href=\"https:\/\/www.caths.cz\/wordpress\/vitezem-ceskeho-poharu-v-discipline-p1-a-p3-se-stal-vladimir-marcan-a-v-discipline-p4-josef-skvaro\/\"><img loading=\"lazy\" decoding=\"async\" width=\"100\" height=\"100\" src=\"https:\/\/www.caths.cz\/wordpress\/wp-content\/plugins\/thumbnail-for-excerpts\/tfe_no_thumb.png\" class=\"alignleft wp-post-image tfe\" alt=\"\" title=\"\" \/><\/a><p>Ve dnech 3.-4.9. se konalo v Plzni fin\u00e1le \u010cP. O Titul V\u00edt\u011bz \u010cesk\u00e9ho poh\u00e1ru si to rozdalo \u0161est nominovan\u00fdch st\u0159elc\u016f v discipl\u00edn\u00e1ch P1, P3 a P4. V sobotu \u0161est st\u0159elc\u016f [&hellip;]<\/p>\n","protected":false},"author":1,"featured_media":0,"comment_status":"closed","ping_status":"closed","sticky":false,"template":"","format":"standard","meta":{"ngg_post_thumbnail":0,"footnotes":""},"categories":[18],"tags":[],"class_list":["post-2014","post","type-post","status-publish","format-standard","hentry","category-strelba"],"_links":{"self":[{"href":"https:\/\/www.caths.cz\/wordpress\/wp-json\/wp\/v2\/posts\/2014","targetHints":{"allow":["GET"]}}],"collection":[{"href":"https:\/\/www.caths.cz\/wordpress\/wp-json\/wp\/v2\/posts"}],"about":[{"href":"https:\/\/www.caths.cz\/wordpress\/wp-json\/wp\/v2\/types\/post"}],"author":[{"embeddable":true,"href":"https:\/\/www.caths.cz\/wordpress\/wp-json\/wp\/v2\/users\/1"}],"replies":[{"embeddable":true,"href":"https:\/\/www.caths.cz\/wordpress\/wp-json\/wp\/v2\/comments?post=2014"}],"version-history":[{"count":0,"href":"https:\/\/www.caths.cz\/wordpress\/wp-json\/wp\/v2\/posts\/2014\/revisions"}],"wp:attachment":[{"href":"https:\/\/www.caths.cz\/wordpress\/wp-json\/wp\/v2\/media?parent=2014"}],"wp:term":[{"taxonomy":"category","embeddable":true,"href":"https:\/\/www.caths.cz\/wordpress\/wp-json\/wp\/v2\/categories?post=2014"},{"taxonomy":"post_tag","embeddable":true,"href":"https:\/\/www.caths.cz\/wordpress\/wp-json\/wp\/v2\/tags?post=2014"}],"curies":[{"name":"wp","href":"https:\/\/api.w.org\/{rel}","templated":true}]}}