{"id":2011,"date":"2011-09-15T00:39:38","date_gmt":"2011-09-14T23:39:38","guid":{"rendered":"http:\/\/www.caths.cz\/wordpress\/?p=2011"},"modified":"2011-09-15T00:39:38","modified_gmt":"2011-09-14T23:39:38","slug":"na-prazsky-strahov-miri-medailiste-mistrovstvi-sveta-i-paralympiady-z-celeho-sveta","status":"publish","type":"post","link":"https:\/\/www.caths.cz\/wordpress\/na-prazsky-strahov-miri-medailiste-mistrovstvi-sveta-i-paralympiady-z-celeho-sveta\/","title":{"rendered":"Na pra\u017esk\u00fd Strahov m\u00ed\u0159\u00ed medailist\u00e9 mistrovstv\u00ed sv\u011bta i paralympi\u00e1dy z cel\u00e9ho sv\u011bta!"},"content":{"rendered":"<p align=\"justify\">   Evropsk\u00fd poh\u00e1r handicapovan\u00fdch cyklist\u016f, kter\u00fd se uskute\u010dn\u00ed v sobotu 17.9. v Praze na Strahov\u011b se m\u016f\u017ee py\u0161nit \u201enadupanou\u201c startovn\u00ed listinou 119 cyklist\u016f ze 16 zem\u00ed sv\u011bta.    <\/p>\n<p>Na Strahov\u011b se p\u0159edstav\u00ed takov\u00e9 osobnosti sv\u011btov\u00e9 paracyklistiky, jak\u00fdmi jsou nap\u0159\u00edklad, Victor Hugo Garrido Marquez (VEN), Arkadiusz Skrzypi\u0148ski (POL), Wolfgang Sacher (GER), Wolfgang Eibeck (AUT), Alvaro Galvis Becerra (COL), Michael Teuber (GER) tandem Janovjak \u2013  Mito\u0161inka (SVK), Kosikowski \u2013 Korc (POL)  a mnoho dal\u0161\u00edch.<\/p>\n<p align=\"justify\"> Samoz\u0159ejmost\u00ed bude n\u00e1\u0161 kompletn\u00ed reprezenta\u010dn\u00ed t\u00fdm t\u011blesn\u011b a zrakov\u011b handicapovan\u00fdch cyklist\u016f, v\u010detn\u011b Ji\u0159\u00edho Je\u017eka, p\u011btin\u00e1sobn\u00e9ho paralympijsk\u00e9ho v\u00edt\u011bze a \u0161estin\u00e1sobn\u00e9ho mistra sv\u011bta. <br \/> <img decoding=\"async\" src=\"\/wordpress\/image\/k_clankum\/ecp_czech2011.jpg\" ALIGN=\"right\" HSPACE=5 VSPACE=5\"> Palce budeme dr\u017eet i na\u0161im mlad\u00fdm, nad\u011bjn\u00fdm reprezentant\u016fm \u2013 dvojn\u00e1sobn\u00e9 medailistce z d\u00e1nsk\u00e9ho Roskilde, Tereze Diepoldov\u00e9 \u010di \u010dtvrt\u00e9mu mu\u017ei sv\u011bta kategorie C3 Ivovi Koblasovi ze svazu Spastic handicap nebo jedn\u00e9 z nejmlad\u0161\u00edch tandemov\u00fdch pos\u00e1dek absolutn\u00ed sv\u011btov\u00e9 \u0161pi\u010dky &#8211; Ji\u0159\u00edmu Chybovi s Markem Moflarem.<br \/> V \u010desk\u00e9m t\u00fdmu bude bohu\u017eel i tentokr\u00e1t chyb\u011bt Michal Stark. Zku\u0161en\u00fd \u010dlen reprezenta\u010dn\u00edho t\u00fdmu se st\u00e1le je\u0161t\u011b zotavuje z nep\u0159\u00edjemn\u00e9 sr\u00e1\u017eky s autem. V\u011b\u0159me, \u017ee se Michal co nejd\u0159\u00edve vr\u00e1t\u00ed zp\u011bt do z\u00e1vodn\u00edho koloto\u010de.<\/p>\n<p> Pro handbikery, bude strahovsk\u00fd z\u00e1vod z\u00e1rove\u0148 i fin\u00e1lov\u00fdm podnikem \u010cesk\u00e9ho poh\u00e1ru a dojde tak k v\u00fdjime\u010dn\u00e9mu srovn\u00e1n\u00ed \u010desk\u00e9 \u0161pi\u010dky v\u010detn\u011b reprezentant\u016f Martina Kov\u00e1\u0159e, Honzy Tom\u00e1nka, Standy B\u00edzy a Zby\u0148ka \u0160vehly s mezin\u00e1rodn\u00edm pelotonem a cel\u00fd tento z\u00e1vod je o\u010dek\u00e1v\u00e1n s velik\u00fdm nap\u011bt\u00edm.<\/p>\n<p> Pozv\u00e1nku na Strahov p\u0159ijala i \u0159ada v\u00fdznamn\u00fdch osobnost\u00ed \u010desk\u00e9 cyklistiky. Za v\u0161echny m\u016f\u017eeme jmenovat tren\u00e9rskou legendu \u010desk\u00e9 reprezentace, pra\u017esk\u00e9 Dukly a cel\u00e9 \u0159ady mistr\u016f sv\u011bta, Pavla Vr\u0161eck\u00e9ho.<br \/> P\u0159ijm\u011bte na\u0161e pozv\u00e1n\u00ed na Strahov, z\u00e1vod charakteristick\u00fd svou emotivn\u00ed atmosf\u00e9rou, po\u0159\u00e1dan\u00fd pod p\u0159\u00edmou z\u00e1\u0161titou prim\u00e1tora hlavn\u00edho m\u011bsta Dr. Bohumila Svobody, je div\u00e1cky velmi atraktivn\u00ed a p\u0159edev\u0161\u00edm v ob\u00e1van\u00e9m strahovsk\u00e9m kopci cyklist\u00e9 ocen\u00ed va\u0161i podporu a povzbuzen\u00ed. <\/p>\n<p> Po\u0159adatel\u00e9 z\u00e1vodu, SK Handicapovan\u00fdch cyklist\u016f Praha a \u010cesk\u00e9 asociace t\u011blesn\u011b handicapovan\u00fdch sportovc\u016f touto cestou vyslovuj\u00ed sv\u00e9 ve\u0159ejn\u00e9 pod\u011bkov\u00e1n\u00ed a velik\u00fd respekt \u010dlen\u016fm spolku \u201eNeum\u011btel\u201c, po\u0159adatel\u016fm nejstar\u0161\u00ed a nejdel\u0161\u00ed cyklistick\u00e9 klasiky u n\u00e1s, z\u00e1vodu Praha \u2013 Karlovy Vary \u2013 Praha, bez jejich\u017e pomoci by v minul\u00e9m i tomto roce strahovsk\u00fd z\u00e1vod mohl b\u00fdt jen velmi t\u011b\u017eko realizov\u00e1n.<\/p>\n","protected":false},"excerpt":{"rendered":"<a href=\"https:\/\/www.caths.cz\/wordpress\/na-prazsky-strahov-miri-medailiste-mistrovstvi-sveta-i-paralympiady-z-celeho-sveta\/\"><img loading=\"lazy\" decoding=\"async\" width=\"100\" height=\"100\" src=\"https:\/\/www.caths.cz\/wordpress\/wp-content\/plugins\/thumbnail-for-excerpts\/tfe_no_thumb.png\" class=\"alignleft wp-post-image tfe\" alt=\"\" title=\"\" \/><\/a><p>Evropsk\u00fd poh\u00e1r handicapovan\u00fdch cyklist\u016f, kter\u00fd se uskute\u010dn\u00ed v sobotu 17.9. v Praze na Strahov\u011b se m\u016f\u017ee py\u0161nit \u201enadupanou\u201c startovn\u00ed listinou 119 cyklist\u016f ze 16 zem\u00ed sv\u011bta. Na Strahov\u011b se p\u0159edstav\u00ed [&hellip;]<\/p>\n","protected":false},"author":1,"featured_media":0,"comment_status":"closed","ping_status":"closed","sticky":false,"template":"","format":"standard","meta":{"ngg_post_thumbnail":0,"footnotes":""},"categories":[1],"tags":[],"class_list":["post-2011","post","type-post","status-publish","format-standard","hentry","category-nezarazene"],"_links":{"self":[{"href":"https:\/\/www.caths.cz\/wordpress\/wp-json\/wp\/v2\/posts\/2011","targetHints":{"allow":["GET"]}}],"collection":[{"href":"https:\/\/www.caths.cz\/wordpress\/wp-json\/wp\/v2\/posts"}],"about":[{"href":"https:\/\/www.caths.cz\/wordpress\/wp-json\/wp\/v2\/types\/post"}],"author":[{"embeddable":true,"href":"https:\/\/www.caths.cz\/wordpress\/wp-json\/wp\/v2\/users\/1"}],"replies":[{"embeddable":true,"href":"https:\/\/www.caths.cz\/wordpress\/wp-json\/wp\/v2\/comments?post=2011"}],"version-history":[{"count":0,"href":"https:\/\/www.caths.cz\/wordpress\/wp-json\/wp\/v2\/posts\/2011\/revisions"}],"wp:attachment":[{"href":"https:\/\/www.caths.cz\/wordpress\/wp-json\/wp\/v2\/media?parent=2011"}],"wp:term":[{"taxonomy":"category","embeddable":true,"href":"https:\/\/www.caths.cz\/wordpress\/wp-json\/wp\/v2\/categories?post=2011"},{"taxonomy":"post_tag","embeddable":true,"href":"https:\/\/www.caths.cz\/wordpress\/wp-json\/wp\/v2\/tags?post=2011"}],"curies":[{"name":"wp","href":"https:\/\/api.w.org\/{rel}","templated":true}]}}