{"id":2010,"date":"2011-09-14T01:01:31","date_gmt":"2011-09-14T00:01:31","guid":{"rendered":"http:\/\/www.caths.cz\/wordpress\/?p=2010"},"modified":"2011-09-14T01:01:31","modified_gmt":"2011-09-14T00:01:31","slug":"uspesny-postup-lukostrelcu-na-paralympiadu-v-londyne","status":"publish","type":"post","link":"https:\/\/www.caths.cz\/wordpress\/uspesny-postup-lukostrelcu-na-paralympiadu-v-londyne\/","title":{"rendered":"\u00dasp\u011b\u0161n\u00fd postup lukost\u0159elc\u016f na paralympi\u00e1du v Lond\u00fdn\u011b"},"content":{"rendered":"<p align=\"justify\">   Za \u00fa\u010dasti v\u00edce ne\u017e 170 lukost\u0159elc\u016f z 29 zem\u00ed sv\u011bta skon\u010dil v sobotu kvalifika\u010dn\u00ed turnaj ve Stoke Mandeville. Na\u0161t\u011bst\u00ed pro na\u0161e barvy velmi \u00fasp\u011b\u0161n\u011b.<\/p>\n<p align=\"justify\"> B\u011bhem minul\u00e9ho t\u00fddne prob\u00edhal v anglick\u00e9m Stoke Mandeville posledn\u00ed kvalifika\u010dn\u00ed turnaj v lukost\u0159elb\u011b na LPH Lond\u00fdn 2012. Na st\u0159elnici panovaly velmi nep\u0159\u00edjemn\u00e9 pov\u011btrnostn\u00ed podm\u00ednky \u2013 d\u00e9\u0161\u0165 a v\u00edtr. Na\u0161t\u011bst\u00ed si s nimi na\u0161i lukost\u0159elci poradili.<br \/> <img decoding=\"async\" src=\"\/wordpress\/image\/sekretarky\/sipy.JPG\" ALIGN=\"right\" HSPACE=5 VSPACE=5\">Jak jsme v\u00e1s ji\u017e informovali,polovina t\u00fdmu \u010desk\u00fdch reprezentant\u016f se v kvalifikac\u00edch prosadila a polovina ne. O to v\u00edc jsme o\u010dek\u00e1vali v\u00fdsledky eliminac\u00ed. Ty dopadly pro na\u0161e lukost\u0159elce dob\u0159e. Ihned po eliminac\u00edch bylo jasn\u00e9, \u017ee m\u00e1me do Lond\u00fdna 3 m\u00edsta-Mirka \u010cern\u00e1, Jirka Klich a Petr Barto\u0161. Ve h\u0159e z\u016fstali je\u0161t\u011b Martin Chaloupsk\u00fd, Jarda Zelenka a Lenka Kuncov\u00e1. Jarda Zelenka byl potvrzen je\u0161t\u011b tent\u00fd\u017e den ve\u010der. Vynikaj\u00edc\u00ed v\u00fdkon Martina bohu\u017eel na kvalifikov\u00e1n\u00ed se na paralympi\u00e1du nesta\u010dil. Otazn\u00edkem nad \u00fa\u010dast\u00ed na paralympi\u00e1d\u011b visel nad Lenkou Kuncovou. V sou\u010dasn\u00e9 dob\u011b je ji\u017e Lenka veden\u00e1 na postupov\u00e9m 8. m\u00edst\u011b a doufejme, \u017ee bude m\u00edt \u00fa\u010dast zaji\u0161t\u011bnou.<br \/> Ze Spastic Handicapu se krom\u011b Davida Drahon\u00ednsk\u00e9ho, kter\u00fd m\u011bl postup do Lond\u00fdna jist\u00fd ji\u017e po mistrovstv\u00ed sv\u011bta, kvalifikovali na paralympi\u00e1du Leo\u0161 Barto\u0161 a Mark\u00e9ta Sidkov\u00e1.<br \/> Po skon\u010den\u00ed nomina\u010dn\u00edho turnaje se odehr\u00e1l ve Stoke je\u0161t\u011b \u017eeb\u0159\u00ed\u010dkov\u00fd turnaj. V n\u011bm se op\u011bt \u010cech\u016fm da\u0159ilo. Mark\u00e9ta Sidkov\u00e1 zv\u00edt\u011bzila a Mirka \u010cern\u00e1 byla druh\u00e1. Kuncov\u00e1 obsadila kr\u00e1sn\u00e9 5.m\u00edsto. Ji\u0159\u00edmu Klichovi a Petru Barto\u0161ovi se rovn\u011b\u017e da\u0159ilo a skon\u010dili na vynikaj\u00edc\u00edm 3. resp. 4.m\u00edst\u011b.<br \/> Do Lond\u00fdna by tud\u00ed\u017e m\u011blo odjet celkem osm lukost\u0159elc\u016f, co\u017e je zat\u00edm asi rekordn\u00ed \u010d\u00edslo.  <\/p>\n","protected":false},"excerpt":{"rendered":"<a href=\"https:\/\/www.caths.cz\/wordpress\/uspesny-postup-lukostrelcu-na-paralympiadu-v-londyne\/\"><img loading=\"lazy\" decoding=\"async\" width=\"100\" height=\"100\" src=\"https:\/\/www.caths.cz\/wordpress\/wp-content\/plugins\/thumbnail-for-excerpts\/tfe_no_thumb.png\" class=\"alignleft wp-post-image tfe\" alt=\"\" title=\"\" \/><\/a><p>Za \u00fa\u010dasti v\u00edce ne\u017e 170 lukost\u0159elc\u016f z 29 zem\u00ed sv\u011bta skon\u010dil v sobotu kvalifika\u010dn\u00ed turnaj ve Stoke Mandeville. Na\u0161t\u011bst\u00ed pro na\u0161e barvy velmi \u00fasp\u011b\u0161n\u011b. B\u011bhem minul\u00e9ho t\u00fddne prob\u00edhal v anglick\u00e9m [&hellip;]<\/p>\n","protected":false},"author":1,"featured_media":0,"comment_status":"closed","ping_status":"closed","sticky":false,"template":"","format":"standard","meta":{"ngg_post_thumbnail":0,"footnotes":""},"categories":[13],"tags":[],"class_list":["post-2010","post","type-post","status-publish","format-standard","hentry","category-lukostrelba"],"_links":{"self":[{"href":"https:\/\/www.caths.cz\/wordpress\/wp-json\/wp\/v2\/posts\/2010","targetHints":{"allow":["GET"]}}],"collection":[{"href":"https:\/\/www.caths.cz\/wordpress\/wp-json\/wp\/v2\/posts"}],"about":[{"href":"https:\/\/www.caths.cz\/wordpress\/wp-json\/wp\/v2\/types\/post"}],"author":[{"embeddable":true,"href":"https:\/\/www.caths.cz\/wordpress\/wp-json\/wp\/v2\/users\/1"}],"replies":[{"embeddable":true,"href":"https:\/\/www.caths.cz\/wordpress\/wp-json\/wp\/v2\/comments?post=2010"}],"version-history":[{"count":0,"href":"https:\/\/www.caths.cz\/wordpress\/wp-json\/wp\/v2\/posts\/2010\/revisions"}],"wp:attachment":[{"href":"https:\/\/www.caths.cz\/wordpress\/wp-json\/wp\/v2\/media?parent=2010"}],"wp:term":[{"taxonomy":"category","embeddable":true,"href":"https:\/\/www.caths.cz\/wordpress\/wp-json\/wp\/v2\/categories?post=2010"},{"taxonomy":"post_tag","embeddable":true,"href":"https:\/\/www.caths.cz\/wordpress\/wp-json\/wp\/v2\/tags?post=2010"}],"curies":[{"name":"wp","href":"https:\/\/api.w.org\/{rel}","templated":true}]}}