{"id":2009,"date":"2011-09-13T11:07:03","date_gmt":"2011-09-13T10:07:03","guid":{"rendered":"http:\/\/www.caths.cz\/wordpress\/?p=2009"},"modified":"2011-09-13T11:07:03","modified_gmt":"2011-09-13T10:07:03","slug":"prubezne-poradi-ceskeho-poharu-mtb-handicapovanych-cyklistu","status":"publish","type":"post","link":"https:\/\/www.caths.cz\/wordpress\/prubezne-poradi-ceskeho-poharu-mtb-handicapovanych-cyklistu\/","title":{"rendered":"Pr\u016fb\u011b\u017en\u00e9 po\u0159ad\u00ed \u010cesk\u00e9ho poh\u00e1ru MTB handicapovan\u00fdch cyklist\u016f"},"content":{"rendered":"<p align=\"justify\">\n13. listopadu se fin\u00e1lov\u00fdm z\u00e1vodem v Praze\u2013\u0158ep\u00edch uzav\u0159e dal\u0161\u00ed ro\u010dn\u00edk \u010cesk\u00e9ho poh\u00e1ru horsk\u00fdch kol handicapovan\u00fdch cyklist\u016f. Nechme tedy promluvit \u010d\u00edsla ve zpr\u00e1v\u011b Tom\u00e1\u0161e Poucha, aby si ka\u017ed\u00fd p\u0159ed fin\u00e1lov\u00fdm z\u00e1vodem mohl je\u0161t\u011b trochu zataktizovat&#8230;<\/p>\n<p align=\"justify\"> 25 handicapovan\u00fdch cyklist\u016f se doposud zapojilo do souboj\u016f o \u010cesk\u00fd poh\u00e1r v horsk\u00e9 cyklistice. Celkem ji\u017e maj\u00ed za sebou dohromady 1.700 z\u00e1vodn\u00edch kilometr\u016f a nespo\u010det tr\u00e9ninkov\u00fdch. Mistrovsk\u00fd titul z\u00edskali: Petra Hurtov\u00e1, Radek Fabi\u00e1n, Pavel Tvrd\u00edk a Tom\u00e1\u0161 Kajnar&#8230;.<br \/> Jak jsme ji\u017e uvedli, do poh\u00e1rov\u00e9 sout\u011b\u017ee se ka\u017ed\u00e9mu zapo\u010dte pouze ur\u010dit\u00fd po\u010det z\u00e1vod\u016f, a to v\u017edy nejlep\u0161\u00ed v\u00fdsledky. N\u011bkter\u00e9 z\u00e1vody jsou ohodnoceny bonusov\u00fdmi body, abychom zapojili i trochu prom\u011bnnou, a tak dali z\u00e1vod\u016fm v\u00edce mo\u017enost\u00ed taktizov\u00e1n\u00ed&#8230;.<br \/><img decoding=\"async\" src=\"\/wordpress\/image\/k_clankum\/cyklokros10_288.jpg\" ALIGN=\"right\" HSPACE=5 VSPACE=5\"> <br \/> Ale te\u010f ji\u017e k pr\u016fb\u011b\u017en\u00e9mu po\u0159ad\u00ed:<br \/> Ve sv\u00fdch kategori\u00edch jsou zat\u00edm nejlep\u0161\u00ed Tom\u00e1\u0161 Kajnar, Pavel Tvrd\u00edk a Zden\u011bk \u0160afr\u00e1nek. Za \u017eeny to jsou Karol\u00edna Dadej\u00edkov\u00e1 a Petra Hurtov\u00e1.<br \/> To \u017ee se boj\u016f o poh\u00e1r z\u00fa\u010dastn\u00ed mu\u017ei, je tak trochu samoz\u0159ejmost\u00ed. Ale \u017ee se najdou odv\u00e1\u017en\u00e9 d\u00edvky, \u017eeny, kter\u00e9 si troufnou na n\u00e1ro\u010dn\u00e9 trat\u011b z\u00e1vod\u016f horsk\u00fdch kol, je obrovsk\u00fd \u00fasp\u011bch pro \u010cesk\u00fd poh\u00e1r. Tyto amazonky jsou p\u0159\u00edkladem nejen dal\u0161\u00edm \u017een\u00e1m, ale hlavn\u011b i mu\u017e\u016fm. Zaslou\u017e\u00ed si obdiv a hlubok\u00fd respekt, proto si dovol\u00edm je zde jmenovat.<br \/> Petra Hurtov\u00e1, Veronika Dufkov\u00e1 a Karol\u00edna Dadej\u00edkov\u00e1. D\u00e1le si zaslou\u017e\u00ed zde b\u00fdt jmenov\u00e1na i \u0160\u00e1rka Dole\u017eelov\u00e1, kter\u00e1 v lo\u0148sk\u00e9m roce nasadila ter\u00e9n\u00edmu handbike la\u0165ku opravdu vysoko. Jej\u00ed sportovn\u00ed v\u00fdkony se nesmazateln\u011b zapsaly do historie MTB handbike. Stala se prvn\u00ed \u017eenou na ter\u00e9nn\u00edm handbike, a tak\u00e9 v\u00edt\u011bzkou prvn\u00edho ro\u010dn\u00edku \u010cesk\u00e9ho poh\u00e1ru.<br \/> D\u00e1my, m\u00e1te n\u00e1\u0161 obdiv a respekt. <\/p>\n<p> Pr\u016fb\u011b\u017en\u00e9 po\u0159ad\u00ed \u010cP <a href=\"http:\/\/www.caths.cz\/storage\/cyklistika\/cpmtb_poradi.xls\" target=\"_blank\"> zde<\/a><\/p>\n","protected":false},"excerpt":{"rendered":"<a href=\"https:\/\/www.caths.cz\/wordpress\/prubezne-poradi-ceskeho-poharu-mtb-handicapovanych-cyklistu\/\"><img loading=\"lazy\" decoding=\"async\" width=\"100\" height=\"100\" src=\"https:\/\/www.caths.cz\/wordpress\/wp-content\/plugins\/thumbnail-for-excerpts\/tfe_no_thumb.png\" class=\"alignleft wp-post-image tfe\" alt=\"\" title=\"\" \/><\/a><p>13. listopadu se fin\u00e1lov\u00fdm z\u00e1vodem v Praze\u2013\u0158ep\u00edch uzav\u0159e dal\u0161\u00ed ro\u010dn\u00edk \u010cesk\u00e9ho poh\u00e1ru horsk\u00fdch kol handicapovan\u00fdch cyklist\u016f. Nechme tedy promluvit \u010d\u00edsla ve zpr\u00e1v\u011b Tom\u00e1\u0161e Poucha, aby si ka\u017ed\u00fd p\u0159ed fin\u00e1lov\u00fdm z\u00e1vodem [&hellip;]<\/p>\n","protected":false},"author":1,"featured_media":0,"comment_status":"closed","ping_status":"closed","sticky":false,"template":"","format":"standard","meta":{"ngg_post_thumbnail":0,"footnotes":""},"categories":[40],"tags":[],"class_list":["post-2009","post","type-post","status-publish","format-standard","hentry","category-pojed-s-nami"],"_links":{"self":[{"href":"https:\/\/www.caths.cz\/wordpress\/wp-json\/wp\/v2\/posts\/2009","targetHints":{"allow":["GET"]}}],"collection":[{"href":"https:\/\/www.caths.cz\/wordpress\/wp-json\/wp\/v2\/posts"}],"about":[{"href":"https:\/\/www.caths.cz\/wordpress\/wp-json\/wp\/v2\/types\/post"}],"author":[{"embeddable":true,"href":"https:\/\/www.caths.cz\/wordpress\/wp-json\/wp\/v2\/users\/1"}],"replies":[{"embeddable":true,"href":"https:\/\/www.caths.cz\/wordpress\/wp-json\/wp\/v2\/comments?post=2009"}],"version-history":[{"count":0,"href":"https:\/\/www.caths.cz\/wordpress\/wp-json\/wp\/v2\/posts\/2009\/revisions"}],"wp:attachment":[{"href":"https:\/\/www.caths.cz\/wordpress\/wp-json\/wp\/v2\/media?parent=2009"}],"wp:term":[{"taxonomy":"category","embeddable":true,"href":"https:\/\/www.caths.cz\/wordpress\/wp-json\/wp\/v2\/categories?post=2009"},{"taxonomy":"post_tag","embeddable":true,"href":"https:\/\/www.caths.cz\/wordpress\/wp-json\/wp\/v2\/tags?post=2009"}],"curies":[{"name":"wp","href":"https:\/\/api.w.org\/{rel}","templated":true}]}}