{"id":1993,"date":"2011-09-03T15:05:12","date_gmt":"2011-09-03T14:05:12","guid":{"rendered":"http:\/\/www.caths.cz\/wordpress\/?p=1993"},"modified":"2011-09-03T15:05:12","modified_gmt":"2011-09-03T14:05:12","slug":"reprezentacni-soustredeni-curleru","status":"publish","type":"post","link":"https:\/\/www.caths.cz\/wordpress\/reprezentacni-soustredeni-curleru\/","title":{"rendered":"Reprezenta\u010dn\u00ed soust\u0159ed\u011bn\u00ed curler\u016f"},"content":{"rendered":"<p>Zpr\u00e1va Jany B\u0159in\u010dilov\u00e9<\/p>\n<p align=\"justify\"> Ve dnech 21. &#8211; 25.8.2011 se konalo curlingov\u00e9 reprezenta\u010dn\u00ed soust\u0159ed\u011bn\u00ed t\u00fdm\u016f A a B.<br \/> V ned\u011bli dopoledne jsme p\u0159ijeli do Prahy na repre soust\u0159ed\u011bn\u00ed, kter\u00e9 se odehr\u00e1valo na p\u016fd\u011b \u0161koly Jedli\u010dkova \u00fastavu. Za na\u0161i asociaci se \u00fa\u010dastnil Lud\u011bk Proch\u00e1zka a j\u00e1, Jana B\u0159in\u010dilov\u00e1. V \u00fater\u00fd se k n\u00e1m p\u0159idal i Martin Tluk. Dal\u0161\u00edmi z\u00fa\u010dastn\u011bn\u00fdmi byli spoluhr\u00e1\u010di z Velk\u00e9ho Mezi\u0159\u00ed\u010d\u00ed a Prahy.<br \/> Soust\u0159ed\u011bn\u00edm n\u00e1s prov\u00e1zela reprezenta\u010dn\u00ed tren\u00e9rka Kate\u0159ina Urbanov\u00e1 a asistentka tren\u00e9rky Zuzka H\u00e1jkov\u00e1.<br \/> Prvn\u00ed den jsme str\u00e1vili dv\u011b hodiny tvrd\u00fdm dvouhodinov\u00fdm tr\u00e9ninkem v t\u011blocvi\u010dn\u011b a k ve\u010deru relaxa\u010dn\u011b hr\u00e1li ping-pong. N\u00e1sleduj\u00edc\u00ed den, v pond\u011bl\u00ed, jsme op\u011bt zab\u0159edli do t\u011blocvi\u010dny a hr\u00e1li m\u00ed\u010dov\u00e9 hry \u2013 h\u00e1zenou, basketball a slonn\u00ed fotbal, co\u017e je h\u00e1zen\u00e1 s velik\u00fdm nafukovac\u00edm bal\u00f3nem. Dost n\u00e1ro\u010dn\u00e9, ale i srandovn\u00ed. Odpoledne \u010d\u00e1st sportovc\u016f nav\u0161t\u00edvila m\u00edstn\u00ed posilovnu a \u010d\u00e1st hr\u00e1li turnaj v ping-pongu. <br \/>Po hodinov\u00e9 pauze jsme se op\u011bt vr\u00e1tili do t\u011blocvi\u010dny, kde jsme m\u011bli dvouhodinovou bitvu v atletick\u00e9m curlingu. Ten spo\u010d\u00edv\u00e1 s vtom, \u017ee mezi sebou soupe\u0159\u00ed dv\u011b dru\u017estva. H\u00e1z\u00ed se na p\u0159edem ur\u010den\u00fd c\u00edl a ostatn\u00ed spoluhr\u00e1\u010di posiluj\u00ed, po 40-ti vte\u0159in\u00e1ch p\u0159evezme hran\u00ed soupe\u0159\u00edc\u00ed t\u00fdm a takhle se to to\u010d\u00ed do vyh\u00e1zen\u00ed osmi m\u00ed\u010dk\u016f. Pak n\u00e1sleduje kr\u00e1tk\u00fd odpo\u010dinek a jde se do dal\u0161\u00edho kola, v curlingu se tomu \u0159\u00edk\u00e1 end.<br \/>V \u00fater\u00fd dopoledne jsme vyrazili do baz\u00e9nu a odpoledne po ob\u011bd\u011b odpo\u010d\u00edvali a kdo cht\u011bl, hr\u00e1l ping-pong. Ve\u010der jsme jeli ke spoluhr\u00e1\u010di Radkovi kousek za Prahu na zahradu a tam do b\u0159\u00ed\u0161ka nacpali mas\u00ed\u010dko, kter\u00e9 jsme si ugrilovali. <br \/>No a st\u0159eda se t\u00e9m\u011b\u0159 cel\u00e1 odehr\u00e1vala v t\u011blocvi\u010dn\u011b a tak\u00e9 jsme vyrazili na kondi\u010dn\u00ed j\u00edzdu kolem Jedli\u010dk\u00e1rny. <br \/>Ve \u010dtvrtek n\u00e1s \u010dekal posledn\u00ed den soust\u0159ed\u011bn\u00ed a to byl celodenn\u00ed pobyt na led\u011b, v curlingov\u00e9 hale v Roztylech. Prvn\u00ed dv\u011b hodiny jsme se rozhazovali a plnili \u00fakoly Zuzky a asistenta Jirky Mar\u0161i, kter\u00fd n\u00e1m na led\u011b p\u0159ed\u00e1v\u00e1 sv\u00e9 bohat\u00e9 curlingov\u00e9 sku\u0161enosti. Po t\u0159\u00ed m\u011bs\u00ed\u010dn\u00ed pauze se n\u00e1m hody pom\u011brn\u011b da\u0159ily. Po ob\u011bd\u011b jsme odhazovali pod drobnohledem kamery a pot\u00e9 jsme se mohli na velkoplo\u0161n\u00e9 obrazovce sledovat, co a jak d\u011bl\u00e1me p\u0159i odhodu dob\u0159e \u010di \u0161patn\u011b. Dal\u0161\u00ed dv\u011b hodiny utekly jak voda a p\u0159ed n\u00e1mi byl z\u00e1v\u011bre\u010dn\u00fd dvouhodinov\u00fd z\u00e1pas, kter\u00fd se na \u00favod sez\u00f3ny vyda\u0159il.<br \/> Po p\u011bti dnech reprezenta\u010dn\u00edho soust\u0159ed\u011bn\u00ed jsme se po \u0161est\u00e9 hodin\u011b ve\u010deren\u00ed vydali k domov\u016fm. <\/p>\n<p> <img decoding=\"async\" src=\"\/wordpress\/image\/k_clankum\/curling11_soustredeni\/ctvrtek_na_lede.jpg\"> <\/p>\n<p> <img decoding=\"async\" src=\"\/wordpress\/image\/k_clankum\/curling11_soustredeni\/ctvrtek_na_lede3.jpg\"> <\/p>\n<p> <img decoding=\"async\" src=\"\/wordpress\/image\/k_clankum\/curling11_soustredeni\/ping-pong-2.jpg\"> <\/p>\n<p> <img decoding=\"async\" src=\"\/wordpress\/image\/k_clankum\/curling11_soustredeni\/grilovani.jpg\"> <\/p>\n<p> <img decoding=\"async\" src=\"\/wordpress\/image\/k_clankum\/curling11_soustredeni\/grilovani_-_Katka,_Zuzka.jpg\"> <\/p>\n<p> <img decoding=\"async\" src=\"\/wordpress\/image\/k_clankum\/curling11_soustredeni\/grilovani-3.jpg\"> <\/p>\n","protected":false},"excerpt":{"rendered":"<a href=\"https:\/\/www.caths.cz\/wordpress\/reprezentacni-soustredeni-curleru\/\"><img loading=\"lazy\" decoding=\"async\" width=\"100\" height=\"100\" src=\"https:\/\/www.caths.cz\/wordpress\/wp-content\/plugins\/thumbnail-for-excerpts\/tfe_no_thumb.png\" class=\"alignleft wp-post-image tfe\" alt=\"\" title=\"\" \/><\/a><p>Zpr\u00e1va Jany B\u0159in\u010dilov\u00e9 Ve dnech 21. &#8211; 25.8.2011 se konalo curlingov\u00e9 reprezenta\u010dn\u00ed soust\u0159ed\u011bn\u00ed t\u00fdm\u016f A a B. V ned\u011bli dopoledne jsme p\u0159ijeli do Prahy na repre soust\u0159ed\u011bn\u00ed, kter\u00e9 se odehr\u00e1valo [&hellip;]<\/p>\n","protected":false},"author":1,"featured_media":0,"comment_status":"closed","ping_status":"closed","sticky":false,"template":"","format":"standard","meta":{"ngg_post_thumbnail":0,"footnotes":""},"categories":[7],"tags":[],"class_list":["post-1993","post","type-post","status-publish","format-standard","hentry","category-curling"],"_links":{"self":[{"href":"https:\/\/www.caths.cz\/wordpress\/wp-json\/wp\/v2\/posts\/1993","targetHints":{"allow":["GET"]}}],"collection":[{"href":"https:\/\/www.caths.cz\/wordpress\/wp-json\/wp\/v2\/posts"}],"about":[{"href":"https:\/\/www.caths.cz\/wordpress\/wp-json\/wp\/v2\/types\/post"}],"author":[{"embeddable":true,"href":"https:\/\/www.caths.cz\/wordpress\/wp-json\/wp\/v2\/users\/1"}],"replies":[{"embeddable":true,"href":"https:\/\/www.caths.cz\/wordpress\/wp-json\/wp\/v2\/comments?post=1993"}],"version-history":[{"count":0,"href":"https:\/\/www.caths.cz\/wordpress\/wp-json\/wp\/v2\/posts\/1993\/revisions"}],"wp:attachment":[{"href":"https:\/\/www.caths.cz\/wordpress\/wp-json\/wp\/v2\/media?parent=1993"}],"wp:term":[{"taxonomy":"category","embeddable":true,"href":"https:\/\/www.caths.cz\/wordpress\/wp-json\/wp\/v2\/categories?post=1993"},{"taxonomy":"post_tag","embeddable":true,"href":"https:\/\/www.caths.cz\/wordpress\/wp-json\/wp\/v2\/tags?post=1993"}],"curies":[{"name":"wp","href":"https:\/\/api.w.org\/{rel}","templated":true}]}}