{"id":1991,"date":"2011-09-01T00:02:26","date_gmt":"2011-08-31T23:02:26","guid":{"rendered":"http:\/\/www.caths.cz\/wordpress\/?p=1991"},"modified":"2011-09-01T00:02:26","modified_gmt":"2011-08-31T23:02:26","slug":"na-ms-v-dansku-bude-ceskou-republiku-reprezentovat-stafeta-handbikeru-spojena-ze-sportovcu-caths-a-cstps","status":"publish","type":"post","link":"https:\/\/www.caths.cz\/wordpress\/na-ms-v-dansku-bude-ceskou-republiku-reprezentovat-stafeta-handbikeru-spojena-ze-sportovcu-caths-a-cstps\/","title":{"rendered":"Na MS v D\u00e1nsku bude \u010ceskou republiku reprezentovat \u0161tafeta handbiker\u016f spojen\u00e1 ze sportovc\u016f \u010cATHS a \u010cSTPS&#8230;"},"content":{"rendered":"<p align=\"justify\">   Je\u0161t\u011b ned\u00e1vno nep\u0159edstaviteln\u00e1 v\u011bc se st\u00e1v\u00e1 skute\u010dnost\u00ed. Na mistrovstv\u00ed sv\u011bta handicapovan\u00fdch cyklist\u016f v D\u00e1nsku sportovci \u010cATHS a \u010cSTPS vytvo\u0159\u00ed jeden t\u00fdm \u2013 \u0161tafetu handbike.<\/p>\n<p align=\"justify\"> \u0160tafeta handbike je div\u00e1cky velmi atraktivn\u00ed discipl\u00edna, kter\u00e1 se jezd\u00ed na p\u0159ibli\u017en\u011b 3 kilometrov\u00e9m okruhu, p\u0159i\u010dem\u017e ka\u017ed\u00e1 \u0161tafeta absolvuje dv\u011b kola. Je to rychl\u00e9, dramatick\u00e9 a emotivn\u00ed. Z\u00e1vody \u0161tafet se jezd\u00ed od roku 2009 v r\u00e1mci velk\u00fdch mezin\u00e1rodn\u00edch podnik\u016f \u2013 mistrovstv\u00ed sv\u011bta a sv\u011btov\u00e9ho poh\u00e1ru. Je zaj\u00edmav\u00e9 sledovat slo\u017een\u00ed p\u0159edn\u00edch t\u00fdm\u016f sv\u011bta i startovn\u00ed pozice jednotliv\u00fdch jezdc\u016f. Je to doslova z\u00e1vodnick\u00e1 alchymie, proto\u017ee doch\u00e1z\u00ed ke kombinaci t\u0159\u00ed handicap\u016f a tedy zna\u010dn\u011b rozd\u00edln\u00e9 rychlosti a pro \u0161tafetu je nesm\u00edrn\u011b d\u016fle\u017eit\u00e9 st\u00e1le z\u016fst\u00e1vat v kontaktu s ostatn\u00edmi. Proto tren\u00e9\u0159i t\u00fdm\u016f taj\u00ed obsazen\u00ed jednotliv\u00fdch \u00fasek\u016f \u0161tafety a\u017e do posledn\u00ed chv\u00edle.<\/p>\n<p> U\u017e v\u00edce ne\u017e dva roky se tren\u00e9r Viktor Zapletal netaj\u00ed p\u0159\u00e1n\u00edm, postavit na start tak\u00e9 \u010deskou \u0161tafetu handbike. <br \/> A je pravd\u011bpodobn\u00e9, \u017ee se toto p\u0159\u00e1n\u00ed v D\u00e1nsku vypln\u00ed. V\u016fbec poprv\u00e9 v historii na startovn\u00ed listin\u011b z\u00e1vodu \u0161tafet figuruje i t\u00fdm \u010cesk\u00e9 republiky, kter\u00fd do z\u00e1vodu nastoup\u00ed ve trojici, Jan Tom\u00e1nek, Martin Kov\u00e1\u0159 a Stanislav B\u00edza.<\/p>\n<p> Budeme dr\u017eet na\u0161im borc\u016fm palce, v\u016fbec to nebudou m\u00edt lehk\u00e9, zahrani\u010dn\u00ed \u0161tafety doslova p\u0159ekypuj\u00ed slavn\u00fdmi jm\u00e9ny.<\/p>\n<p> <img decoding=\"async\" src=\"\/wordpress\/image\/sekretarky\/stafety\/385.JPG\"> <\/p>\n<p> <img decoding=\"async\" src=\"\/wordpress\/image\/sekretarky\/stafety\/394.JPG\"> <\/p>\n<p> <img decoding=\"async\" src=\"\/wordpress\/image\/sekretarky\/stafety\/414.JPG\"> <\/p>\n","protected":false},"excerpt":{"rendered":"<a href=\"https:\/\/www.caths.cz\/wordpress\/na-ms-v-dansku-bude-ceskou-republiku-reprezentovat-stafeta-handbikeru-spojena-ze-sportovcu-caths-a-cstps\/\"><img loading=\"lazy\" decoding=\"async\" width=\"100\" height=\"100\" src=\"https:\/\/www.caths.cz\/wordpress\/wp-content\/plugins\/thumbnail-for-excerpts\/tfe_no_thumb.png\" class=\"alignleft wp-post-image tfe\" alt=\"\" title=\"\" \/><\/a><p>Je\u0161t\u011b ned\u00e1vno nep\u0159edstaviteln\u00e1 v\u011bc se st\u00e1v\u00e1 skute\u010dnost\u00ed. Na mistrovstv\u00ed sv\u011bta handicapovan\u00fdch cyklist\u016f v D\u00e1nsku sportovci \u010cATHS a \u010cSTPS vytvo\u0159\u00ed jeden t\u00fdm \u2013 \u0161tafetu handbike. \u0160tafeta handbike je div\u00e1cky velmi atraktivn\u00ed [&hellip;]<\/p>\n","protected":false},"author":1,"featured_media":0,"comment_status":"closed","ping_status":"closed","sticky":false,"template":"","format":"standard","meta":{"ngg_post_thumbnail":0,"footnotes":""},"categories":[9],"tags":[],"class_list":["post-1991","post","type-post","status-publish","format-standard","hentry","category-handbike"],"_links":{"self":[{"href":"https:\/\/www.caths.cz\/wordpress\/wp-json\/wp\/v2\/posts\/1991","targetHints":{"allow":["GET"]}}],"collection":[{"href":"https:\/\/www.caths.cz\/wordpress\/wp-json\/wp\/v2\/posts"}],"about":[{"href":"https:\/\/www.caths.cz\/wordpress\/wp-json\/wp\/v2\/types\/post"}],"author":[{"embeddable":true,"href":"https:\/\/www.caths.cz\/wordpress\/wp-json\/wp\/v2\/users\/1"}],"replies":[{"embeddable":true,"href":"https:\/\/www.caths.cz\/wordpress\/wp-json\/wp\/v2\/comments?post=1991"}],"version-history":[{"count":0,"href":"https:\/\/www.caths.cz\/wordpress\/wp-json\/wp\/v2\/posts\/1991\/revisions"}],"wp:attachment":[{"href":"https:\/\/www.caths.cz\/wordpress\/wp-json\/wp\/v2\/media?parent=1991"}],"wp:term":[{"taxonomy":"category","embeddable":true,"href":"https:\/\/www.caths.cz\/wordpress\/wp-json\/wp\/v2\/categories?post=1991"},{"taxonomy":"post_tag","embeddable":true,"href":"https:\/\/www.caths.cz\/wordpress\/wp-json\/wp\/v2\/tags?post=1991"}],"curies":[{"name":"wp","href":"https:\/\/api.w.org\/{rel}","templated":true}]}}