{"id":1990,"date":"2011-08-31T03:43:58","date_gmt":"2011-08-31T02:43:58","guid":{"rendered":"http:\/\/www.caths.cz\/wordpress\/?p=1990"},"modified":"2011-08-31T03:43:58","modified_gmt":"2011-08-31T02:43:58","slug":"evropsky-pohar-handicapovanych-cyklistu-v-praze-na-strahove-bez-varu","status":"publish","type":"post","link":"https:\/\/www.caths.cz\/wordpress\/evropsky-pohar-handicapovanych-cyklistu-v-praze-na-strahove-bez-varu\/","title":{"rendered":"Evropsk\u00fd poh\u00e1r handicapovan\u00fdch cyklist\u016f v Praze na Strahov\u011b bez &quot;Var\u016f&quot;"},"content":{"rendered":"<p align=\"justify\">\nVrcholn\u00e1 ud\u00e1lost cyklistiky handicapovan\u00fdch, nad kterou p\u0159ijal z\u00e1\u0161titu i prim\u00e1tor Hlavn\u00edho m\u011bsta Prahy, MUDr. Bohuslav Svoboda, Evropsk\u00fd poh\u00e1r se po roce znovu vrac\u00ed na pra\u017esk\u00fd Strahov.<\/p>\n<p align=\"justify\"> Z\u00e1vod, kter\u00fd je registrov\u00e1n v presti\u017en\u00ed kategorii P1 UCI prov\u00e1z\u00ed cel\u00e1 \u0159ada zm\u011bn. Tou nejv\u011bt\u0161\u00ed je skute\u010dnost, \u017ee legend\u00e1rn\u00ed z\u00e1vod profesion\u00e1l\u016f Praha \u2013 Karlovy Vary \u2013 Praha kategorie 1.2. UCI nebude sou\u010d\u00e1st\u00ed Evropsk\u00e9ho poh\u00e1ru, tak jako tomu bylo v minul\u00e9m roce. Po\u0159adatel\u00e9 z\u00e1vodu Praha \u2013 Karlovy Vary \u2013 Praha byli nuceni z\u00e1vod s mnohaletou tradic\u00ed na posledn\u00ed chv\u00edli zru\u0161it pro nedostatek financ\u00ed. <\/p>\n<p> Po\u0159adatelsk\u00e9mu klubu SK Handicapovan\u00fdch cyklist\u016f Praha tak p\u0159ibyly zna\u010dn\u00e9 pot\u00ed\u017ee, nicm\u00e9n\u011b z\u00e1vod se uskute\u010dn\u00ed v podobn\u00e9 kvalit\u011b jako minul\u00fd rok.<img decoding=\"async\" src=\"\/wordpress\/image\/k_clankum\/ecp_czech2011.jpg\" ALIGN=\"right\" HSPACE=5 VSPACE=5\"> <br \/> Na cyklisty \u010dek\u00e1 nov\u00fd, div\u00e1cky atraktivn\u00ed okruh, jeho\u017e sou\u010d\u00e1st\u00ed bude i ob\u00e1van\u00e9 stoup\u00e1n\u00ed na sam\u00fd vrchol strahovsk\u00e9ho kopce. Kategorie handbike a tricykly pojedou okruh zkr\u00e1cen\u00fd.<br \/> Cyklistick\u00fdm dnem bude prov\u00e1zet, osv\u011bd\u010den\u00e1 dvojice moder\u00e1tor\u016f MaD Speakers a k dispozici budou m\u00edt zaj\u00edmav\u00e9, tuzemsk\u00e9 i zahrani\u010dn\u00ed hosty, kte\u0159\u00ed p\u0159ijali pozv\u00e1n\u00ed po\u0159adatel\u016f a z\u00fa\u010dastn\u00ed se z\u00e1vod\u016f. Nad cel\u00fdm podnikem bude dohl\u00ed\u017eet t\u00fdm policie \u010cesk\u00e9 republiky, v\u010detn\u011b 8 policejn\u00edch vozidel, kter\u00e9 dopln\u00ed t\u0159i doprovodn\u00e9 motocykly, dv\u011b neutr\u00e1ln\u00ed servisn\u00ed vozidla a v\u00edce ne\u017e 30 po\u0159adatel\u016f, kte\u0159\u00ed budou rozm\u00edstn\u011bni na trati z\u00e1vodu. Mezi strahovsk\u00fdmi stadiony, v ulici Z\u00e1topkova tak\u00e9 b\u011bhem p\u00e1tku vyroste cyklistick\u00e9 &#8222;m\u011bste\u010dko&#8220;, v\u010detn\u011b bezbari\u00e9rov\u00e9ho parkovi\u0161t\u011b t\u00fdm\u016f.<br \/> Zaj\u00edmavost\u00ed je, \u017ee z\u00e1vod na Strahov\u011b bude z\u00e1rove\u0148 i fin\u00e1lov\u00fdm podnikem \u010cesk\u00e9ho poh\u00e1ru handbike a \u010cesk\u00e9ho poh\u00e1ru tandem\u016f. D\u00edky tomu p\u0159iv\u00edt\u00e1me na Strahov\u011b kompletn\u00ed \u010deskou \u0161pi\u010dku v t\u011bchto kategori\u00edch a bude jist\u011b zaj\u00edmav\u00e9 sledovat jejich souboj se zahrani\u010dn\u00edmi z\u00e1vodn\u00edky.<br \/> Z\u00e1vodu se z\u00fa\u010dastn\u00ed i cel\u00fd reprezenta\u010dn\u00ed t\u00fdm \u010cR t\u011blesn\u011b a zrakov\u011b handicapovan\u00fdch cyklist\u016f, v \u010dele s p\u011btin\u00e1sobn\u00fdm paralympijsk\u00fdm v\u00edt\u011bzem a \u0161estin\u00e1sobn\u00fdm mistrem sv\u011bta, Ji\u0159\u00edm Je\u017ekem. <br \/> Pro reprezenta\u010dn\u00ed t\u00fdmy z cel\u00e9ho sv\u011bta bude z\u00e1vod v Praze jednou z posledn\u00edch mo\u017enost\u00ed, jak je\u0161t\u011b z\u00edskat n\u011bjak\u00e9 body do \u017eeb\u0159\u00ed\u010dku n\u00e1rod\u016f, podle kter\u00e9ho se bude stanovovat v\u00fdsledn\u00e1 \u00fa\u010dastnick\u00e1 kv\u00f3ta jednotliv\u00fdch zem\u00ed pro paralympijsk\u00e9 hry v Lond\u00fdn\u011b 2012. To posledn\u00ed mo\u017enost\u00ed pak bude lednov\u00fd halov\u00fd Evropsk\u00fd poh\u00e1r handicapovan\u00fdch cyklist\u016f, kter\u00fd se znovu uskute\u010dn\u00ed v Praze a po\u0159adatelem bude op\u011bt SK Handicapovan\u00fdch cyklist\u016f Praha.<\/p>\n<p> Po\u0159adatel\u00e9 z\u00e1vodu pros\u00ed v\u0161echny n\u00e1v\u0161t\u011bvn\u00edky z\u00e1vodu, aby d\u016fsledn\u011b dbali pokyn\u016f po\u0159adatel\u016f a policie \u010cR. Oblast Strahova bude uzav\u0159ena po celou dobu z\u00e1vodu a doprava povede po obj\u00edzdn\u00fdch tras\u00e1ch.<br \/> P\u0159\u00edjezd na Strahov bude mo\u017en\u00fd pouze od hotelu Pyramida, ulic\u00ed Chodeck\u00e1. <br \/>Ve\u0161ker\u00e9 informace budou zve\u0159ej\u0148ov\u00e1ny na www.caths.cz <\/p>\n<p> SK Handicapovan\u00fdch cyklist\u016f Praha touto cestou velmi d\u011bkuje za pomoc: Hlavn\u00edmu m\u011bstu Praze, Policii \u010cesk\u00e9 republiky, spole\u010dnosti NUTREND, spole\u010dnosti MOOS logistics, firm\u011b MOOSE, m\u011bstsk\u00e9 \u010d\u00e1sti Praha 5, www.caths.cz, firm\u011b OK BAG a firm\u011b Specialized. <\/p>\n","protected":false},"excerpt":{"rendered":"<a href=\"https:\/\/www.caths.cz\/wordpress\/evropsky-pohar-handicapovanych-cyklistu-v-praze-na-strahove-bez-varu\/\"><img loading=\"lazy\" decoding=\"async\" width=\"100\" height=\"100\" src=\"https:\/\/www.caths.cz\/wordpress\/wp-content\/plugins\/thumbnail-for-excerpts\/tfe_no_thumb.png\" class=\"alignleft wp-post-image tfe\" alt=\"\" title=\"\" \/><\/a><p>Vrcholn\u00e1 ud\u00e1lost cyklistiky handicapovan\u00fdch, nad kterou p\u0159ijal z\u00e1\u0161titu i prim\u00e1tor Hlavn\u00edho m\u011bsta Prahy, MUDr. Bohuslav Svoboda, Evropsk\u00fd poh\u00e1r se po roce znovu vrac\u00ed na pra\u017esk\u00fd Strahov. Z\u00e1vod, kter\u00fd je registrov\u00e1n [&hellip;]<\/p>\n","protected":false},"author":1,"featured_media":0,"comment_status":"closed","ping_status":"closed","sticky":false,"template":"","format":"standard","meta":{"ngg_post_thumbnail":0,"footnotes":""},"categories":[1],"tags":[],"class_list":["post-1990","post","type-post","status-publish","format-standard","hentry","category-nezarazene"],"_links":{"self":[{"href":"https:\/\/www.caths.cz\/wordpress\/wp-json\/wp\/v2\/posts\/1990","targetHints":{"allow":["GET"]}}],"collection":[{"href":"https:\/\/www.caths.cz\/wordpress\/wp-json\/wp\/v2\/posts"}],"about":[{"href":"https:\/\/www.caths.cz\/wordpress\/wp-json\/wp\/v2\/types\/post"}],"author":[{"embeddable":true,"href":"https:\/\/www.caths.cz\/wordpress\/wp-json\/wp\/v2\/users\/1"}],"replies":[{"embeddable":true,"href":"https:\/\/www.caths.cz\/wordpress\/wp-json\/wp\/v2\/comments?post=1990"}],"version-history":[{"count":0,"href":"https:\/\/www.caths.cz\/wordpress\/wp-json\/wp\/v2\/posts\/1990\/revisions"}],"wp:attachment":[{"href":"https:\/\/www.caths.cz\/wordpress\/wp-json\/wp\/v2\/media?parent=1990"}],"wp:term":[{"taxonomy":"category","embeddable":true,"href":"https:\/\/www.caths.cz\/wordpress\/wp-json\/wp\/v2\/categories?post=1990"},{"taxonomy":"post_tag","embeddable":true,"href":"https:\/\/www.caths.cz\/wordpress\/wp-json\/wp\/v2\/tags?post=1990"}],"curies":[{"name":"wp","href":"https:\/\/api.w.org\/{rel}","templated":true}]}}