{"id":1989,"date":"2011-08-30T03:26:23","date_gmt":"2011-08-30T02:26:23","guid":{"rendered":"http:\/\/www.caths.cz\/wordpress\/?p=1989"},"modified":"2011-08-30T03:26:23","modified_gmt":"2011-08-30T02:26:23","slug":"do-zahajeni-letnich-paralympijskych-her-v-londyne-zbyva-presne-jeden-rok","status":"publish","type":"post","link":"https:\/\/www.caths.cz\/wordpress\/do-zahajeni-letnich-paralympijskych-her-v-londyne-zbyva-presne-jeden-rok\/","title":{"rendered":"Do zah\u00e1jen\u00ed letn\u00edch paralympijsk\u00fdch her v Lond\u00fdn\u011b zb\u00fdv\u00e1 p\u0159esn\u011b jeden rok!"},"content":{"rendered":"<p align=\"justify\">\n365 dn\u00ed zb\u00fdv\u00e1 do zah\u00e1jen\u00ed sportovn\u00ed akce na kterou s nap\u011bt\u00edm \u010dek\u00e1 cel\u00fd sportovn\u00ed sv\u011bt \u2013 paralympijsk\u00fdch her v Lond\u00fdn\u011b 2012.<\/p>\n<p align=\"justify\"> A t\u00edmto dnem tak\u00e9 za\u010d\u00edn\u00e1 s\u00e9rie report\u00e1\u017e\u00ed, \u010dl\u00e1nk\u016f, rozhovor\u016f a fotoreport\u00e1\u017e\u00ed na www.caths.cz, kter\u00e9 budou p\u0159\u00edmo souviset s t\u00edmto sportovn\u00edm sv\u00e1tkem. P\u0159ineseme v\u00e1m informace o sportovi\u0161t\u00edch, sportovc\u00edch a mnoho dal\u0161\u00edch zaj\u00edmavost\u00ed. Zvl\u00e1\u0161tn\u00ed pozornost budeme v\u011bnovat \u010cesk\u00e9mu paralympijsk\u00e9mu t\u00fdmu. Zam\u011b\u0159\u00edme se na p\u0159\u00edpravu sportovc\u016f, ale i na nap\u00ednav\u00e9 souboje o nomina\u010dn\u00ed m\u00edsta. P\u0159ibl\u00ed\u017e\u00edme v\u00e1m pr\u00e1ci tren\u00e9r\u016f na\u0161ich paralympionik\u016f.<\/p>\n<p> Te\u010f si ale poj\u010fme p\u0159edstavit Mandevilla, ofici\u00e1ln\u00edho maskota pro paralympijsk\u00e9 hry v Lond\u00fdn\u011b, kter\u00fd n\u00e1s bude prov\u00e1zet v\u0161\u00edm, co s paralympi\u00e1dou bude souviset.<br \/> Jm\u00e9no dostal tento sympatick\u00fd maskot podle Stoke Mandeville v Buckinghamshire, co\u017e je rodi\u0161t\u011b paralympijsk\u00fdch her. Ano, pr\u00e1v\u011b zde toti\u017e v roce 1948, ve stejn\u00fd den v jak\u00e9m byly zah\u00e1jeny olympijsk\u00e9 hry v Lond\u00fdn\u011b, sir Ludwig Guttmann za\u010dal po\u0159\u00e1dat sportovn\u00ed sout\u011b\u017ee pro voj\u00e1ky druh\u00e9 sv\u011btov\u00e9 v\u00e1lky s poran\u011bn\u00edm m\u00edchy. A z t\u00e9to aktivity se postupn\u011b zrodily paralympijsk\u00e9 hry. <br \/> Velk\u00e9 oko Mandevilla p\u0159edstavuje objektiv fotoapar\u00e1tu zachycuj\u00edc\u00ed v\u0161e, co souvis\u00ed s paralympijsk\u00fdmi hrami, na hlav\u011b m\u00e1 t\u0159i hroty, kter\u00e9 p\u0159edstavuj\u00ed t\u0159i \u010d\u00e1sti paralympijsk\u00e9ho znaku. Mandeville je v neust\u00e1l\u00e9m pohybu a v rychlosti mu m\u00e1 pom\u00e1hat jeho aerodynamick\u00fd tvar t\u011bla. Na ruce m\u00e1 hodinky, pom\u00e1haj\u00edc\u00ed mu m\u011b\u0159it \u010das zb\u00fdvaj\u00edc\u00ed do zah\u00e1jen\u00ed her. Hodinky mu tak\u00e9 pom\u00e1haj\u00ed m\u011b\u0159it \u010das jeho sportovn\u00edch v\u00fdkon\u016f, Mandeville toti\u017e st\u00e1le tou\u017e\u00ed p\u0159ekon\u00e1vat sv\u00e9 osobn\u00ed rekordy. <br \/> Pov\u0161imn\u011bte si \u017elut\u00e9ho sv\u011btla, kter\u00e9 m\u00e1 Mandeville na \u010dele. Je inspirov\u00e1no typick\u00fdmi \u010dern\u00fdmi lond\u00fdnsk\u00fdmi tax\u00edky.<br \/> A jak\u00e9 jsou osobn\u00ed vlastnosti Mandevilla? Nen\u00ed nic, co by netou\u017eil poznat, je neust\u00e1le na cest\u011b, s ni\u010d\u00edm se nespokoj\u00ed, po\u0159\u00e1d chce pozn\u00e1vat n\u011bco nov\u00e9ho. \u017divot je v\u00fdzva! A kdyby snad na poprv\u00e9 neusp\u011bl? No, za pokus to st\u00e1lo a zkus\u00ed to znovu. Mandeville je bojovn\u00edk. <br \/> A co si mysl\u00ed o sportovc\u00edch s handicapem? Nejsou to &#8222;jen&#8220; sportovci se zdravotn\u00edm handicapem. Jsou to sportovci s nadlidsk\u00fdmi schopnostmi&#8230; <\/p>\n<p> <img decoding=\"async\" src=\"\/wordpress\/image\/k_clankum\/maskoti_londyn.jpg\"><\/p>\n","protected":false},"excerpt":{"rendered":"<a href=\"https:\/\/www.caths.cz\/wordpress\/do-zahajeni-letnich-paralympijskych-her-v-londyne-zbyva-presne-jeden-rok\/\"><img loading=\"lazy\" decoding=\"async\" width=\"100\" height=\"100\" src=\"https:\/\/www.caths.cz\/wordpress\/wp-content\/plugins\/thumbnail-for-excerpts\/tfe_no_thumb.png\" class=\"alignleft wp-post-image tfe\" alt=\"\" title=\"\" \/><\/a><p>365 dn\u00ed zb\u00fdv\u00e1 do zah\u00e1jen\u00ed sportovn\u00ed akce na kterou s nap\u011bt\u00edm \u010dek\u00e1 cel\u00fd sportovn\u00ed sv\u011bt \u2013 paralympijsk\u00fdch her v Lond\u00fdn\u011b 2012. A t\u00edmto dnem tak\u00e9 za\u010d\u00edn\u00e1 s\u00e9rie report\u00e1\u017e\u00ed, \u010dl\u00e1nk\u016f, rozhovor\u016f [&hellip;]<\/p>\n","protected":false},"author":1,"featured_media":0,"comment_status":"closed","ping_status":"closed","sticky":false,"template":"","format":"standard","meta":{"ngg_post_thumbnail":0,"footnotes":""},"categories":[41],"tags":[],"class_list":["post-1989","post","type-post","status-publish","format-standard","hentry","category-lph-londyn-2012"],"_links":{"self":[{"href":"https:\/\/www.caths.cz\/wordpress\/wp-json\/wp\/v2\/posts\/1989","targetHints":{"allow":["GET"]}}],"collection":[{"href":"https:\/\/www.caths.cz\/wordpress\/wp-json\/wp\/v2\/posts"}],"about":[{"href":"https:\/\/www.caths.cz\/wordpress\/wp-json\/wp\/v2\/types\/post"}],"author":[{"embeddable":true,"href":"https:\/\/www.caths.cz\/wordpress\/wp-json\/wp\/v2\/users\/1"}],"replies":[{"embeddable":true,"href":"https:\/\/www.caths.cz\/wordpress\/wp-json\/wp\/v2\/comments?post=1989"}],"version-history":[{"count":0,"href":"https:\/\/www.caths.cz\/wordpress\/wp-json\/wp\/v2\/posts\/1989\/revisions"}],"wp:attachment":[{"href":"https:\/\/www.caths.cz\/wordpress\/wp-json\/wp\/v2\/media?parent=1989"}],"wp:term":[{"taxonomy":"category","embeddable":true,"href":"https:\/\/www.caths.cz\/wordpress\/wp-json\/wp\/v2\/categories?post=1989"},{"taxonomy":"post_tag","embeddable":true,"href":"https:\/\/www.caths.cz\/wordpress\/wp-json\/wp\/v2\/tags?post=1989"}],"curies":[{"name":"wp","href":"https:\/\/api.w.org\/{rel}","templated":true}]}}