{"id":1988,"date":"2011-08-29T09:28:55","date_gmt":"2011-08-29T08:28:55","guid":{"rendered":"http:\/\/www.caths.cz\/wordpress\/?p=1988"},"modified":"2011-08-29T09:28:55","modified_gmt":"2011-08-29T08:28:55","slug":"nova-anketni-otazka-ziska-jiri-jezek-v-dansku-sedmy-titul-mistra-sveta","status":"publish","type":"post","link":"https:\/\/www.caths.cz\/wordpress\/nova-anketni-otazka-ziska-jiri-jezek-v-dansku-sedmy-titul-mistra-sveta\/","title":{"rendered":"Nov\u00e1 anketn\u00ed ot\u00e1zka: Z\u00edsk\u00e1 Ji\u0159\u00ed Je\u017eek v D\u00e1nsku sedm\u00fd titul mistra sv\u011bta?"},"content":{"rendered":"<p><P ALIGN=\"JUSTIFY\"> Co m\u00e1 spole\u010dn\u00e9ho sv\u011btov\u00e1 jedni\u010dka horsk\u00fdch kol Jaroslav Kulhav\u00fd s legendou cyklistiky handicapovan\u00fdch, Ji\u0159\u00edm Je\u017ekem? V\u00edc ne\u017e si mysl\u00edte, maj\u00ed (podobn\u011b jako n\u011bkte\u0159\u00ed na\u0161i dal\u0161\u00ed cyklist\u00e9) u\u017e \u0159adu let stejn\u00e9ho tren\u00e9ra &#8211; Viktora Zapletala. <br \/> \u010cesk\u00e1 cyklistika m\u00e1 v sou\u010dasn\u00e9 dob\u011b dva jezdce, kte\u0159\u00ed v\u00e9vod\u00ed cyklistick\u00e9mu sv\u011btu, Ji\u0159\u00edho Je\u017eka a Jaroslava Kulhav\u00e9ho. Jaroslav Kulhav\u00fd, kter\u00fd je tak\u00e9 patronem leto\u0161n\u00edho seri\u00e1lu \u010cP horsk\u00fdch kol handicapovan\u00fdch, se zabydlel na pozici sv\u011btov\u00e9 jedni\u010dky horsk\u00fdch kol, letos vyhr\u00e1l \u010dty\u0159i z\u00e1vody sv\u011btov\u00e9ho poh\u00e1ru biker\u016f, stal se prvn\u00edm \u010cechem, kter\u00fd tuto sout\u011b\u017e vyhr\u00e1l celkov\u011b a nav\u00edc obh\u00e1jil sv\u016fj lo\u0148sk\u00fd titul Mistra Evropy.<br \/> Legenda sv\u011btov\u00e9 cyklistiky handicapovan\u00fdch, p\u011btin\u00e1sobn\u00fd paralympijsk\u00fd v\u00edt\u011bz a \u0161estin\u00e1sobn\u00fd mistr sv\u011bta Ji\u0159\u00ed Je\u017eek, podobn\u011b jako J\u00e1ra, z\u00edskal historick\u00fd \u00fasp\u011bch pro \u010deskou cyklistiku, kdy\u017e se stal v Kanad\u011b celkov\u00fdm v\u00edt\u011bzem sv\u011btov\u00e9ho poh\u00e1ru. Nav\u00edc, podobn\u011b jako J\u00e1ra, p\u0159idal i dal\u0161\u00ed velk\u00e9 v\u00edt\u011bzstv\u00ed, v b\u0159eznu na dr\u00e1ze v italsk\u00e9m Montichiari z\u00edskal u\u017e sv\u016fj \u0161est\u00fd titul mistra sv\u011bta.<br \/> Nyn\u00ed jsou ob\u011b osobnosti \u010desk\u00e9ho a sv\u011btov\u00e9ho sportu p\u0159ipraveny k dal\u0161\u00edmu d\u016fle\u017eit\u00e9mu z\u00e1vodu. J\u00e1ra bude bojovat v sobotu 3. z\u00e1\u0159\u00ed o titul mistra sv\u011bta horsk\u00fdch kol ve \u0160v\u00fdcarsku a o \u0161est dn\u00ed pozd\u011bji se na start \u010dasovky v mistrovsk\u00e9m z\u00e1vod\u011b v D\u00e1nsku postav\u00ed Jirka Je\u017eek. <br \/> <em>&#8222;Je pravda, \u017ee p\u0159\u00edprava J\u00e1ry i Jirky vych\u00e1z\u00ed ze stejn\u00e9ho konceptu. Ka\u017ed\u00fd m\u00e1 tr\u00e9nink samoz\u0159ejm\u011b upraven\u00fd podle sebe, hraje v tom d\u016fle\u017eitou roli osobn\u00ed zku\u0161enost, znalost sv\u00fdch schopnost\u00ed a anal\u00fdza aktu\u00e1ln\u00edch pocit\u016f, ale z\u00e1klad je stejn\u00fd a umo\u017e\u0148uje jim p\u0159ipravit se na dan\u00fd z\u00e1vod prakticky s hodinovou p\u0159esnost\u00ed. Oba dva s t\u00edm tr\u00e9ninkov\u00fdm modelem um\u00ed geni\u00e1ln\u011b pracovat, ten v\u00fdvoj trval u ka\u017ed\u00e9ho z nich n\u011bkolik let. Z\u00e1vod mistrovstv\u00ed sv\u011bta je velmi specifickou v\u011bc\u00ed a \u010dastokr\u00e1t vyvrac\u00ed ve\u0161ker\u00e9 teorie a p\u0159edpoklady. Nicm\u00e9n\u011b Jirka i J\u00e1ra, kte\u0159\u00ed budou do z\u00e1vodu nastupovat z pozice nejv\u011bt\u0161\u00edch favorit\u016f, jsou velmi dob\u0159e p\u0159ipraveni pro mistrovstv\u00ed sv\u011bta jak fyzicky, tak p\u0159edev\u0161\u00edm psychicky a ud\u011blaj\u00ed maximum pro to, aby v\u00fdsledek byl co nejlep\u0161\u00ed.&#8220;<\/em> prozradil Viktor Zapletal. <\/p>\n<p> Budeme p\u0159\u00e1t ob\u011bma vynikaj\u00edc\u00edm cyklist\u016fm na kter\u00e9 je pr\u00e1vem py\u0161n\u00e1 cel\u00e1 na\u0161e republika hodn\u011b \u0161t\u011bst\u00ed a vy m\u016f\u017eete hlasovat v na\u0161\u00ed nov\u00e9 anketn\u00ed ot\u00e1zce: <br \/> <strong>Z\u00edsk\u00e1 Ji\u0159\u00ed Je\u017eek v D\u00e1nsku sedm\u00fd titul mistra sv\u011bta?<\/strong> <\/p>\n<p> <img decoding=\"async\" src=\"\/wordpress\/image\/k_clankum\/Kypr-SunshineCup-Afxentia-Kulhavy-14.jpg\"><br \/>Foto: Michal \u010cerven\u00fd <br \/> <img decoding=\"async\" src=\"\/wordpress\/image\/k_clankum\/2011 - SP Baie Comeau 094.JPG\"><\/p>\n","protected":false},"excerpt":{"rendered":"<a href=\"https:\/\/www.caths.cz\/wordpress\/nova-anketni-otazka-ziska-jiri-jezek-v-dansku-sedmy-titul-mistra-sveta\/\"><img loading=\"lazy\" decoding=\"async\" width=\"100\" height=\"100\" src=\"https:\/\/www.caths.cz\/wordpress\/wp-content\/plugins\/thumbnail-for-excerpts\/tfe_no_thumb.png\" class=\"alignleft wp-post-image tfe\" alt=\"\" title=\"\" \/><\/a><p>Co m\u00e1 spole\u010dn\u00e9ho sv\u011btov\u00e1 jedni\u010dka horsk\u00fdch kol Jaroslav Kulhav\u00fd s legendou cyklistiky handicapovan\u00fdch, Ji\u0159\u00edm Je\u017ekem? V\u00edc ne\u017e si mysl\u00edte, maj\u00ed (podobn\u011b jako n\u011bkte\u0159\u00ed na\u0161i dal\u0161\u00ed cyklist\u00e9) u\u017e \u0159adu let stejn\u00e9ho [&hellip;]<\/p>\n","protected":false},"author":1,"featured_media":0,"comment_status":"closed","ping_status":"closed","sticky":false,"template":"","format":"standard","meta":{"ngg_post_thumbnail":0,"footnotes":""},"categories":[39],"tags":[],"class_list":["post-1988","post","type-post","status-publish","format-standard","hentry","category-caths-anketa"],"_links":{"self":[{"href":"https:\/\/www.caths.cz\/wordpress\/wp-json\/wp\/v2\/posts\/1988","targetHints":{"allow":["GET"]}}],"collection":[{"href":"https:\/\/www.caths.cz\/wordpress\/wp-json\/wp\/v2\/posts"}],"about":[{"href":"https:\/\/www.caths.cz\/wordpress\/wp-json\/wp\/v2\/types\/post"}],"author":[{"embeddable":true,"href":"https:\/\/www.caths.cz\/wordpress\/wp-json\/wp\/v2\/users\/1"}],"replies":[{"embeddable":true,"href":"https:\/\/www.caths.cz\/wordpress\/wp-json\/wp\/v2\/comments?post=1988"}],"version-history":[{"count":0,"href":"https:\/\/www.caths.cz\/wordpress\/wp-json\/wp\/v2\/posts\/1988\/revisions"}],"wp:attachment":[{"href":"https:\/\/www.caths.cz\/wordpress\/wp-json\/wp\/v2\/media?parent=1988"}],"wp:term":[{"taxonomy":"category","embeddable":true,"href":"https:\/\/www.caths.cz\/wordpress\/wp-json\/wp\/v2\/categories?post=1988"},{"taxonomy":"post_tag","embeddable":true,"href":"https:\/\/www.caths.cz\/wordpress\/wp-json\/wp\/v2\/tags?post=1988"}],"curies":[{"name":"wp","href":"https:\/\/api.w.org\/{rel}","templated":true}]}}