{"id":1987,"date":"2011-08-28T02:23:04","date_gmt":"2011-08-28T01:23:04","guid":{"rendered":"http:\/\/www.caths.cz\/wordpress\/?p=1987"},"modified":"2011-08-28T02:23:04","modified_gmt":"2011-08-28T01:23:04","slug":"gulas-s-peti-voda-z-vodovodu-palacinky-se-svestkovym-kolacem-a-sirup-s-pivem","status":"publish","type":"post","link":"https:\/\/www.caths.cz\/wordpress\/gulas-s-peti-voda-z-vodovodu-palacinky-se-svestkovym-kolacem-a-sirup-s-pivem\/","title":{"rendered":"Gul\u00e1\u0161 s p\u011bti, voda z vodovodu, pala\u010dinky se \u0161vestkov\u00fdm kol\u00e1\u010dem a sirup s pivem&#8230;"},"content":{"rendered":"<p align=\"justify\">Budeme ps\u00e1t o nezdrav\u00e9 v\u00fd\u017eiv\u011b? NE! To jsou obl\u00edben\u00e9 pochutiny na\u0161\u00ed cyklistick\u00e9 reprezentace!<\/p>\n<p align=\"justify\"> Skand\u00e1l, \u0159\u00edk\u00e1te si asi a nejeden rozsochat\u00fd baf\u00edk s odznakem v klop\u011b mo\u017en\u00e1 ji\u017e zva\u017euje, zda nedo\u0161lo ke skutkov\u00e9 podstat\u011b p\u0159estupku reprezentanta a zda by nebylo od v\u011bci v\u0161e p\u0159edat etick\u00e9 a disciplin\u00e1rn\u00ed komisi. Pravda je v\u0161ak je\u0161t\u011b mnohem hor\u0161\u00ed p\u0159\u00e1tel\u00e9&#8230; <br \/> Sekce cyklistiky handbike a triatlonu toti\u017e aktualizovala sv\u00e9 str\u00e1nky a profily reprezentant\u016f, tak\u017ee se rad\u011bji, v \u017e\u00e1dn\u00e9m p\u0159\u00edpad\u011b, ned\u00edvejte <a href=\"http:\/\/www.caths.cz\/index.php?page=cyklistika_new\" target=\"_blank\"> zde<\/a> \ud83d\ude42 <\/p>\n","protected":false},"excerpt":{"rendered":"<a href=\"https:\/\/www.caths.cz\/wordpress\/gulas-s-peti-voda-z-vodovodu-palacinky-se-svestkovym-kolacem-a-sirup-s-pivem\/\"><img loading=\"lazy\" decoding=\"async\" width=\"100\" height=\"100\" src=\"https:\/\/www.caths.cz\/wordpress\/wp-content\/plugins\/thumbnail-for-excerpts\/tfe_no_thumb.png\" class=\"alignleft wp-post-image tfe\" alt=\"\" title=\"\" \/><\/a><p>Budeme ps\u00e1t o nezdrav\u00e9 v\u00fd\u017eiv\u011b? NE! To jsou obl\u00edben\u00e9 pochutiny na\u0161\u00ed cyklistick\u00e9 reprezentace! Skand\u00e1l, \u0159\u00edk\u00e1te si asi a nejeden rozsochat\u00fd baf\u00edk s odznakem v klop\u011b mo\u017en\u00e1 ji\u017e zva\u017euje, zda nedo\u0161lo [&hellip;]<\/p>\n","protected":false},"author":1,"featured_media":0,"comment_status":"closed","ping_status":"closed","sticky":false,"template":"","format":"standard","meta":{"ngg_post_thumbnail":0,"footnotes":""},"categories":[6],"tags":[],"class_list":["post-1987","post","type-post","status-publish","format-standard","hentry","category-caths-info"],"_links":{"self":[{"href":"https:\/\/www.caths.cz\/wordpress\/wp-json\/wp\/v2\/posts\/1987","targetHints":{"allow":["GET"]}}],"collection":[{"href":"https:\/\/www.caths.cz\/wordpress\/wp-json\/wp\/v2\/posts"}],"about":[{"href":"https:\/\/www.caths.cz\/wordpress\/wp-json\/wp\/v2\/types\/post"}],"author":[{"embeddable":true,"href":"https:\/\/www.caths.cz\/wordpress\/wp-json\/wp\/v2\/users\/1"}],"replies":[{"embeddable":true,"href":"https:\/\/www.caths.cz\/wordpress\/wp-json\/wp\/v2\/comments?post=1987"}],"version-history":[{"count":0,"href":"https:\/\/www.caths.cz\/wordpress\/wp-json\/wp\/v2\/posts\/1987\/revisions"}],"wp:attachment":[{"href":"https:\/\/www.caths.cz\/wordpress\/wp-json\/wp\/v2\/media?parent=1987"}],"wp:term":[{"taxonomy":"category","embeddable":true,"href":"https:\/\/www.caths.cz\/wordpress\/wp-json\/wp\/v2\/categories?post=1987"},{"taxonomy":"post_tag","embeddable":true,"href":"https:\/\/www.caths.cz\/wordpress\/wp-json\/wp\/v2\/tags?post=1987"}],"curies":[{"name":"wp","href":"https:\/\/api.w.org\/{rel}","templated":true}]}}