{"id":1986,"date":"2011-08-27T09:29:16","date_gmt":"2011-08-27T08:29:16","guid":{"rendered":"http:\/\/www.caths.cz\/wordpress\/?p=1986"},"modified":"2011-08-27T09:29:16","modified_gmt":"2011-08-27T08:29:16","slug":"cyklisticky-reprezentacni-tym-prisel-pred-ms-o-jednu-ze-svych-opor-michala-starka-srazilo-na-treninku-auto-s-ridicem-bez-ridicskeho-prukazu","status":"publish","type":"post","link":"https:\/\/www.caths.cz\/wordpress\/cyklisticky-reprezentacni-tym-prisel-pred-ms-o-jednu-ze-svych-opor-michala-starka-srazilo-na-treninku-auto-s-ridicem-bez-ridicskeho-prukazu\/","title":{"rendered":"Cyklistick\u00fd reprezenta\u010dn\u00ed t\u00fdm p\u0159i\u0161el p\u0159ed MS o jednu ze sv\u00fdch opor. Michala Starka srazilo na tr\u00e9ninku auto s \u0159idi\u010dem bez \u0159idi\u010dsk\u00e9ho pr\u016fkazu&#8230;"},"content":{"rendered":"<p align=\"justify\">\nCyklistick\u00fd reprezenta\u010dn\u00ed t\u00fdm p\u0159i\u0161el kr\u00e1tce p\u0159ed odjezdem na silni\u010dn\u00ed mistrovstv\u00ed sv\u011bta v D\u00e1nsku o jednu ze sv\u00fdch hlavn\u00edch opor. Michala Starka srazil p\u0159i tr\u00e9ninku nepozorn\u00fd \u0159idi\u010d, kter\u00fd mu nedal na k\u0159i\u017eovatce p\u0159ednost v j\u00edzd\u011b&#8230;<\/p>\n<p align=\"justify\"> Situace je pom\u011brn\u011b v\u00e1\u017en\u00e1, Michal m\u00e1 zlomenou lopatku a t\u0159i \u017eebra. Jeho start na mistrovstv\u00ed sv\u011bta v Roskilde je zcela vylou\u010den\u00fd a p\u0159edpokl\u00e1dan\u00e1 doba l\u00e9\u010den\u00ed bude 2 m\u011bs\u00edce. Michal je v p\u00e9\u010di l\u00e9ka\u0159\u016f cyklistick\u00e9ho reprezenta\u010dn\u00edho t\u00fdmu ve Fakultn\u00ed nemocnici v Praze v Motole. <br \/> Nehodu \u0159e\u0161\u00ed Policie \u010cesk\u00e9 republiky, cel\u00fd p\u0159\u00edpad je toti\u017e velmi smutn\u00fd &#8211; \u0159idi\u010d, kter\u00fd nehodu zavinil nevlastnil v\u016fbec \u0159idi\u010dsk\u00e9 opr\u00e1vn\u011bn\u00ed. Podle dostupn\u00fdch informac\u00ed mu bylo ze zdravotn\u00edch d\u016fvod\u016f odebr\u00e1no p\u0159ed \u010dty\u0159mi lety. <\/p>\n<p> <img decoding=\"async\" src=\"\/wordpress\/image\/k_clankum\/IMG_0771[1].jpg\"><\/p>\n<p> <img decoding=\"async\" src=\"\/wordpress\/image\/k_clankum\/P1040902.JPG\"><\/p>\n<p> <img decoding=\"async\" src=\"\/wordpress\/image\/k_clankum\/IMG_0776[1].jpg\"><\/p>\n","protected":false},"excerpt":{"rendered":"<a href=\"https:\/\/www.caths.cz\/wordpress\/cyklisticky-reprezentacni-tym-prisel-pred-ms-o-jednu-ze-svych-opor-michala-starka-srazilo-na-treninku-auto-s-ridicem-bez-ridicskeho-prukazu\/\"><img loading=\"lazy\" decoding=\"async\" width=\"100\" height=\"100\" src=\"https:\/\/www.caths.cz\/wordpress\/wp-content\/plugins\/thumbnail-for-excerpts\/tfe_no_thumb.png\" class=\"alignleft wp-post-image tfe\" alt=\"\" title=\"\" \/><\/a><p>Cyklistick\u00fd reprezenta\u010dn\u00ed t\u00fdm p\u0159i\u0161el kr\u00e1tce p\u0159ed odjezdem na silni\u010dn\u00ed mistrovstv\u00ed sv\u011bta v D\u00e1nsku o jednu ze sv\u00fdch hlavn\u00edch opor. Michala Starka srazil p\u0159i tr\u00e9ninku nepozorn\u00fd \u0159idi\u010d, kter\u00fd mu nedal na [&hellip;]<\/p>\n","protected":false},"author":1,"featured_media":0,"comment_status":"closed","ping_status":"closed","sticky":false,"template":"","format":"standard","meta":{"ngg_post_thumbnail":0,"footnotes":""},"categories":[2],"tags":[],"class_list":["post-1986","post","type-post","status-publish","format-standard","hentry","category-cyklistika"],"_links":{"self":[{"href":"https:\/\/www.caths.cz\/wordpress\/wp-json\/wp\/v2\/posts\/1986","targetHints":{"allow":["GET"]}}],"collection":[{"href":"https:\/\/www.caths.cz\/wordpress\/wp-json\/wp\/v2\/posts"}],"about":[{"href":"https:\/\/www.caths.cz\/wordpress\/wp-json\/wp\/v2\/types\/post"}],"author":[{"embeddable":true,"href":"https:\/\/www.caths.cz\/wordpress\/wp-json\/wp\/v2\/users\/1"}],"replies":[{"embeddable":true,"href":"https:\/\/www.caths.cz\/wordpress\/wp-json\/wp\/v2\/comments?post=1986"}],"version-history":[{"count":0,"href":"https:\/\/www.caths.cz\/wordpress\/wp-json\/wp\/v2\/posts\/1986\/revisions"}],"wp:attachment":[{"href":"https:\/\/www.caths.cz\/wordpress\/wp-json\/wp\/v2\/media?parent=1986"}],"wp:term":[{"taxonomy":"category","embeddable":true,"href":"https:\/\/www.caths.cz\/wordpress\/wp-json\/wp\/v2\/categories?post=1986"},{"taxonomy":"post_tag","embeddable":true,"href":"https:\/\/www.caths.cz\/wordpress\/wp-json\/wp\/v2\/tags?post=1986"}],"curies":[{"name":"wp","href":"https:\/\/api.w.org\/{rel}","templated":true}]}}