{"id":1985,"date":"2011-08-26T02:58:54","date_gmt":"2011-08-26T01:58:54","guid":{"rendered":"http:\/\/www.caths.cz\/wordpress\/?p=1985"},"modified":"2011-08-26T02:58:54","modified_gmt":"2011-08-26T01:58:54","slug":"spolecnost-nutrend-zve-na-handicap-rally-2011","status":"publish","type":"post","link":"https:\/\/www.caths.cz\/wordpress\/spolecnost-nutrend-zve-na-handicap-rally-2011\/","title":{"rendered":"Spole\u010dnost Nutrend zve na Handicap Rally 2011"},"content":{"rendered":"<p align=\"justify\">\nV sobotu 3. z\u00e1\u0159\u00ed od 10 hodin bude za podpory spole\u010dnosti Nutrend na atletick\u00e9m stadionu v Olomouci prob\u00edhat 4. ro\u010dn\u00edk Handicap Rally 2011. C\u00edlem akce, jej\u00ed\u017e patronkou je i paralympijsk\u00e1 v\u00edt\u011bzka ve vrhu koul\u00ed, Eva Kacanu, je oboustrann\u00e9 bour\u00e1n\u00ed bari\u00e9r mezi zdrav\u00fdmi a handicapovan\u00fdmi spoluob\u010dany z\u00e1bavnou formou. <\/p>\n<p align=\"justify\"><img decoding=\"async\" src=\"\/wordpress\/image\/k_clankum\/handicaprally1.jpg\" ALIGN=\"right\" HSPACE=5 VSPACE=5\"> Zveme t\u00edmto rodiny, aby p\u0159i\u0161ly na atletick\u00fd stadion v Olomouci a utvo\u0159ily vlastn\u00ed rodinn\u00fd t\u00fdm spole\u010dn\u011b s n\u011bkter\u00fdm z na\u0161ich handicapovan\u00fdch p\u0159\u00e1tel na voz\u00ed\u010dku nebo nevidom\u00fdch, nesly\u0161\u00edc\u00edch \u010di ment\u00e1ln\u011b posti\u017een\u00fdch. <br \/>V cel\u00e9 \u0159ad\u011b p\u0159ipraven\u00fdch discipl\u00edn nen\u00ed d\u016fle\u017eit\u00e9 zv\u00edt\u011bzit, jde o to pro\u017e\u00edt p\u0159\u00edjemn\u00fd den, roz\u0161\u00ed\u0159it si obzory, z\u00edskat nov\u00e9 zku\u0161enosti a nov\u00e9 p\u0159\u00e1tele a spole\u010dn\u011b budovat Olomouc, kter\u00e1 bude skute\u010dn\u011b dobr\u00fdm m\u00edstem pro \u017eivot.<br \/> Krom\u011b sportovn\u00edch discipl\u00edn na v\u00e1s \u010dek\u00e1 sk\u00e1kac\u00ed hrad, balonky, vrtuln\u00edk Z\u00e1chrann\u00e9 slu\u017eby, \u017eiv\u00e1 zab\u00edja\u010dka s prodejem a kapela D\u011btsk\u00e9ho domova Olomouc. V c\u00edli na v\u00e1s budou \u010dekat i d\u00e1rky od NUTRENDu.<\/p>\n<p><\/p>\n","protected":false},"excerpt":{"rendered":"<a href=\"https:\/\/www.caths.cz\/wordpress\/spolecnost-nutrend-zve-na-handicap-rally-2011\/\"><img loading=\"lazy\" decoding=\"async\" width=\"100\" height=\"100\" src=\"https:\/\/www.caths.cz\/wordpress\/wp-content\/plugins\/thumbnail-for-excerpts\/tfe_no_thumb.png\" class=\"alignleft wp-post-image tfe\" alt=\"\" title=\"\" \/><\/a><p>V sobotu 3. z\u00e1\u0159\u00ed od 10 hodin bude za podpory spole\u010dnosti Nutrend na atletick\u00e9m stadionu v Olomouci prob\u00edhat 4. ro\u010dn\u00edk Handicap Rally 2011. C\u00edlem akce, jej\u00ed\u017e patronkou je i paralympijsk\u00e1 [&hellip;]<\/p>\n","protected":false},"author":1,"featured_media":0,"comment_status":"closed","ping_status":"closed","sticky":false,"template":"","format":"standard","meta":{"ngg_post_thumbnail":0,"footnotes":""},"categories":[6],"tags":[],"class_list":["post-1985","post","type-post","status-publish","format-standard","hentry","category-caths-info"],"_links":{"self":[{"href":"https:\/\/www.caths.cz\/wordpress\/wp-json\/wp\/v2\/posts\/1985","targetHints":{"allow":["GET"]}}],"collection":[{"href":"https:\/\/www.caths.cz\/wordpress\/wp-json\/wp\/v2\/posts"}],"about":[{"href":"https:\/\/www.caths.cz\/wordpress\/wp-json\/wp\/v2\/types\/post"}],"author":[{"embeddable":true,"href":"https:\/\/www.caths.cz\/wordpress\/wp-json\/wp\/v2\/users\/1"}],"replies":[{"embeddable":true,"href":"https:\/\/www.caths.cz\/wordpress\/wp-json\/wp\/v2\/comments?post=1985"}],"version-history":[{"count":0,"href":"https:\/\/www.caths.cz\/wordpress\/wp-json\/wp\/v2\/posts\/1985\/revisions"}],"wp:attachment":[{"href":"https:\/\/www.caths.cz\/wordpress\/wp-json\/wp\/v2\/media?parent=1985"}],"wp:term":[{"taxonomy":"category","embeddable":true,"href":"https:\/\/www.caths.cz\/wordpress\/wp-json\/wp\/v2\/categories?post=1985"},{"taxonomy":"post_tag","embeddable":true,"href":"https:\/\/www.caths.cz\/wordpress\/wp-json\/wp\/v2\/tags?post=1985"}],"curies":[{"name":"wp","href":"https:\/\/api.w.org\/{rel}","templated":true}]}}