{"id":1982,"date":"2011-08-23T00:32:53","date_gmt":"2011-08-22T23:32:53","guid":{"rendered":"http:\/\/www.caths.cz\/wordpress\/?p=1982"},"modified":"2011-08-23T00:32:53","modified_gmt":"2011-08-22T23:32:53","slug":"vladimir-marcan-zvitezil-v-zavode-svetoveho-poharu-ve-sportovni-strelbe","status":"publish","type":"post","link":"https:\/\/www.caths.cz\/wordpress\/vladimir-marcan-zvitezil-v-zavode-svetoveho-poharu-ve-sportovni-strelbe\/","title":{"rendered":"Vladim\u00edr Mar\u010dan zv\u00edt\u011bzil v z\u00e1vod\u011b sv\u011btov\u00e9ho poh\u00e1ru ve sportovn\u00ed st\u0159elb\u011b"},"content":{"rendered":"<p align=\"justify\">\nVladim\u00edr Mar\u010dan (55), \u010dlen SK TPS Olomouc, dos\u00e1hl zat\u00edm sv\u00e9ho nejcenn\u011bj\u0161\u00edho sportovn\u00edho \u00fasp\u011bchu na kvalifika\u010dn\u00edm z\u00e1vod\u011b IPC v thajsk\u00e9m Bangkoku. Zv\u00edt\u011bzil ve sv\u00e9 nejobl\u00edben\u011bj\u0161\u00ed discipl\u00edn\u011b sportovn\u00ed malor\u00e1\u017en\u00ed pistole P3.<\/p>\n<p align=\"justify\"><img decoding=\"async\" src=\"\/wordpress\/image\/k_clankum\/marcan_pasova.jpg\" ALIGN=\"right\" HSPACE=5 VSPACE=5\"> V kvalifikaci na 2 x 30 ran na 25m, p\u0159i\u010dem\u017e prvn\u00ed s\u00e9rie je tzv. &#8222;m\u00ed\u0159en\u00e1&#8220;, druh\u00e1 &#8222;oto\u010dn\u00e1&#8220;, skon\u010dil \u010dtvrt\u00fd s pr\u016fm\u011brn\u00fdm n\u00e1st\u0159elem 532 bod\u016f. <br \/>Ov\u0161em v\u00fdborn\u011b zabojoval ve fin\u00e1le na 4 x 5 ran na &#8222;oto\u010dn\u00fd&#8220; ter\u010d (189,1 bod) a sou\u010dtem 721,1 bod\u016f si zajistil p\u0159esv\u011bd\u010div\u00e9 v\u00edt\u011bzstv\u00ed. Prvn\u00ed ze sv\u011btov\u00e9ho poh\u00e1ru ve sv\u00e9 dosavadn\u00ed st\u0159eleck\u00e9 kari\u00e9\u0159e.<br \/> \u010cesk\u00fd reprezentant tak z\u00edskal d\u016fle\u017eit\u00e9 body do \u017eeb\u0159\u00ed\u010dku, ze kter\u00e9ho se budou na konci roku vypo\u010d\u00edt\u00e1vat nomina\u010dn\u00ed m\u00edsta pro jednotliv\u00e9 st\u00e1ty na paralympijsk\u00e9 hry 2012 v Lond\u00fdn\u011b.<br \/> V \u0159\u00edjnu \u010dek\u00e1 Mar\u010dana je\u0161t\u011b z\u00e1vod SP v americk\u00e9 Atlant\u011b, kde bude usilovat o potvrzen\u00ed stoupaj\u00edc\u00ed formy.<\/p>\n<p> V\u00fdsledky Mezin\u00e1rodn\u00edho mistrovstv\u00ed Thajska ve sportovn\u00ed st\u0159elb\u011b s patron\u00e1tem IPC:<br \/><u> P3 \u2013 sportovn\u00ed pistole, sm\u00ed\u0161en\u00fd z\u00e1vod<\/u><br \/> 1. MAR\u010cAN Vladim\u00edr CZE 532 (189,1) 721,1 bod\u016f<br \/> 2. CHOI Jeong Yong KOR 536 (181,3) 717,3<br \/> 3. OH Sae Cheong KOR 535 (173,1) 708,1<\/p>\n<p> \/David \u0160najdr\/ <\/p>\n<p> <img decoding=\"async\" src=\"\/wordpress\/image\/k_clankum\/CCI29082011_0001.jpg\"><\/p>\n","protected":false},"excerpt":{"rendered":"<a href=\"https:\/\/www.caths.cz\/wordpress\/vladimir-marcan-zvitezil-v-zavode-svetoveho-poharu-ve-sportovni-strelbe\/\"><img loading=\"lazy\" decoding=\"async\" width=\"100\" height=\"100\" src=\"https:\/\/www.caths.cz\/wordpress\/wp-content\/plugins\/thumbnail-for-excerpts\/tfe_no_thumb.png\" class=\"alignleft wp-post-image tfe\" alt=\"\" title=\"\" \/><\/a><p>Vladim\u00edr Mar\u010dan (55), \u010dlen SK TPS Olomouc, dos\u00e1hl zat\u00edm sv\u00e9ho nejcenn\u011bj\u0161\u00edho sportovn\u00edho \u00fasp\u011bchu na kvalifika\u010dn\u00edm z\u00e1vod\u011b IPC v thajsk\u00e9m Bangkoku. Zv\u00edt\u011bzil ve sv\u00e9 nejobl\u00edben\u011bj\u0161\u00ed discipl\u00edn\u011b sportovn\u00ed malor\u00e1\u017en\u00ed pistole P3.<\/p>\n","protected":false},"author":1,"featured_media":0,"comment_status":"closed","ping_status":"closed","sticky":false,"template":"","format":"standard","meta":{"ngg_post_thumbnail":0,"footnotes":""},"categories":[18],"tags":[],"class_list":["post-1982","post","type-post","status-publish","format-standard","hentry","category-strelba"],"_links":{"self":[{"href":"https:\/\/www.caths.cz\/wordpress\/wp-json\/wp\/v2\/posts\/1982","targetHints":{"allow":["GET"]}}],"collection":[{"href":"https:\/\/www.caths.cz\/wordpress\/wp-json\/wp\/v2\/posts"}],"about":[{"href":"https:\/\/www.caths.cz\/wordpress\/wp-json\/wp\/v2\/types\/post"}],"author":[{"embeddable":true,"href":"https:\/\/www.caths.cz\/wordpress\/wp-json\/wp\/v2\/users\/1"}],"replies":[{"embeddable":true,"href":"https:\/\/www.caths.cz\/wordpress\/wp-json\/wp\/v2\/comments?post=1982"}],"version-history":[{"count":0,"href":"https:\/\/www.caths.cz\/wordpress\/wp-json\/wp\/v2\/posts\/1982\/revisions"}],"wp:attachment":[{"href":"https:\/\/www.caths.cz\/wordpress\/wp-json\/wp\/v2\/media?parent=1982"}],"wp:term":[{"taxonomy":"category","embeddable":true,"href":"https:\/\/www.caths.cz\/wordpress\/wp-json\/wp\/v2\/categories?post=1982"},{"taxonomy":"post_tag","embeddable":true,"href":"https:\/\/www.caths.cz\/wordpress\/wp-json\/wp\/v2\/tags?post=1982"}],"curies":[{"name":"wp","href":"https:\/\/api.w.org\/{rel}","templated":true}]}}