{"id":1981,"date":"2011-08-22T00:32:55","date_gmt":"2011-08-21T23:32:55","guid":{"rendered":"http:\/\/www.caths.cz\/wordpress\/?p=1981"},"modified":"2011-08-22T00:32:55","modified_gmt":"2011-08-21T23:32:55","slug":"nova-anketni-otazka-ma-smysl-poradat-v-ceske-republice-zavody-pro-handicapovane-sportovce","status":"publish","type":"post","link":"https:\/\/www.caths.cz\/wordpress\/nova-anketni-otazka-ma-smysl-poradat-v-ceske-republice-zavody-pro-handicapovane-sportovce\/","title":{"rendered":"Nov\u00e1 anketn\u00ed ot\u00e1zka: M\u00e1 smysl po\u0159\u00e1dat v \u010cesk\u00e9 republice z\u00e1vody pro handicapovan\u00e9 sportovce?"},"content":{"rendered":"<p>Ur\u010dit\u011b ano, \u0159ekne patrn\u011b v\u011bt\u0161ina z v\u00e1s bez v\u011bt\u0161\u00edho zav\u00e1h\u00e1n\u00ed. Tak to zkuste! \u0159\u00edk\u00e1me my&#8230;:-)<\/p>\n<p align=\"justify\"> V\u016fbec to toti\u017e nen\u00ed tak jednoduch\u00e9, jak to vypad\u00e1. Po\u0159adatelstv\u00ed z\u00e1vod\u016f u n\u00e1s nar\u00e1\u017e\u00ed na celou \u0159adu probl\u00e9m\u016f. Od finan\u010dn\u00edch po organiza\u010dn\u00ed. <br \/> Po\u0159adatel\u00e9 z\u00e1vod\u016f jsou ve v\u011bt\u0161in\u011b p\u0159\u00edpad\u016f zcela samostatn\u00e9 subjekty, \u010dastokr\u00e1t p\u016fsob\u00edc\u00ed i mimo strukturu sportu handicapovan\u00fdch a nesou na sv\u00fdch &#8222;bedrech&#8220; kompletn\u00ed z\u00e1t\u011b\u017e z\u00e1vodu, od financov\u00e1n\u00ed, p\u0159es ve\u0161ker\u00e1 mo\u017en\u00e1 povolen\u00ed a\u017e po logistiku a detailn\u00ed organizaci akce.<\/p>\n<p> V \u010cesk\u00e9 republice bohu\u017eel neexistuje \u017e\u00e1dn\u00fd pl\u00e1n z\u00e1vod\u016f, \u010di jejich koncepce, kter\u00fd by byl centr\u00e1ln\u00edm zp\u016fsobem podporov\u00e1n s c\u00edlem jak\u00e9hosi &#8222;vy\u0161\u0161\u00edho z\u00e1jmu&#8220;. Logicky se nab\u00edz\u00ed my\u0161lenka, \u017ee alespo\u0148 v\u00fdznamn\u00e9 n\u00e1rodn\u00ed poh\u00e1ry, mistrovstv\u00ed republiky a v\u00fdznamn\u00e9 mezin\u00e1rodn\u00ed akce po\u0159\u00e1dan\u00e9 na na\u0161em \u00fazem\u00ed, by m\u011bly m\u00edt jakousi z\u00e1kladn\u00ed podporu, jak legislativn\u00ed, tak p\u0159edev\u0161\u00edm finan\u010dn\u00ed.<br \/> Bohu\u017eel tomu tak nen\u00ed, v\u0161e je v kompetenci jednotliv\u00fdch svaz\u016f a pokud jde o sport t\u011blesn\u011b handicapovan\u00fdch, tak jednotliv\u00fdch sekc\u00ed. Ov\u0161em mo\u017enosti sekc\u00ed jsou zna\u010dn\u011b omezen\u00e9, \u010dastokr\u00e1t jim nesta\u010d\u00ed prost\u0159edky ani na zaji\u0161t\u011bn\u00ed reprezenta\u010dn\u00edho t\u00fdmu, nato\u017e pak na po\u0159\u00e1d\u00e1n\u00ed z\u00e1vod\u016f.<\/p>\n<p> <img decoding=\"async\" src=\"\/wordpress\/image\/k_clankum\/anketa11_0.jpg\" ALIGN=\"right\" HSPACE=5 VSPACE=5\"> Jako p\u0159\u00edklad uvedu \u010cesk\u00fd poh\u00e1r handbike. To je sout\u011b\u017e samoz\u0159ejm\u011b \u00fa\u017easn\u00e1, v\u0161ichni to dob\u0159e v\u00edme, p\u0159ivedla ke sportu ji\u017e celou \u0159adu jedinc\u016f, je u\u017eite\u010dn\u00e1 \u0161irok\u00e9 \u010dlensk\u00e9 z\u00e1kladn\u011b, za\u010d\u00ednaj\u00edc\u00edm sportovc\u016fm, ale i v\u00fdkonnostn\u00edm handbiker\u016fm a v r\u00e1mci tr\u00e9ninku jezd\u00ed na z\u00e1vody i sportovci, pro kter\u00e9 je handbike pouze dopl\u0148kov\u00fdm, mimosez\u00f3nn\u00edm sportem.<br \/>A mo\u017en\u00e1 tomu nebudete v\u011b\u0159it, \u010cesk\u00fd poh\u00e1r handbike je d\u00edlem dvou lid\u00ed, kte\u0159\u00ed ji\u017e \u010dtvrt\u00fdm rokem intenzivn\u011b sh\u00e1n\u011bj\u00ed pen\u00edze, organizuj\u00ed a domlouvaj\u00ed jednotliv\u00e9 z\u00e1vody poh\u00e1ru, telefonuj\u00ed, obj\u00ed\u017ed\u011bj\u00ed celou republiku.<br \/> A\u017e do tohoto roku bylo financov\u00e1n\u00ed akce \u010dist\u011b v soukrom\u00e9 re\u017eii. V\u011b\u0159te nebo ne. Od roku 2011 p\u0159ebrala finan\u010dn\u00ed z\u00e1\u0161titu nad poh\u00e1rem, kter\u00fd n\u00e1m opravdu z\u00e1vid\u00ed cel\u00fd sv\u011bt, Sekce cyklistiky, handbike a triatlonu a poh\u00e1r je po\u0159\u00e1d\u00e1n pod n\u00e1zvem www.caths.cz \u010cesk\u00fd poh\u00e1r handbike. Pokud by se tak nestalo, hrozilo by, \u017ee \u010cesk\u00fd poh\u00e1r handbike zanikne, \u010di by nemohl b\u00fdt organizov\u00e1n v sou\u010dasn\u00e9m standardu.<\/p>\n<p> <img decoding=\"async\" src=\"\/wordpress\/image\/k_clankum\/anketa11_2.jpg\" ALIGN=\"right\" HSPACE=5 VSPACE=5\"> Z\u00e1vod\u016f jako je \u010cP handbike, ale m\u00e1me v\u00edc &#8211; \u010cP v atletice, Czech Open v atletice, \u010cP v lukost\u0159elb\u011b, sledge hokejovou ligu, Czech Open ve stoln\u00edm tenise. V\u0161echny funguj\u00ed v podstat\u011b na stejn\u00e9m organiza\u010dn\u00edm principu a \u0159e\u0161\u00ed stejn\u00e9 probl\u00e9my, jako \u010cesk\u00fd poh\u00e1r handbike&#8230;<\/p>\n<p> Samostatnou kapitolou jsou velk\u00e9 mezin\u00e1rodn\u00ed akce. Evropsk\u00fd poh\u00e1r cyklist\u016f a handbike v Praze na Strahov\u011b \u010di Evropsk\u00fd poh\u00e1r handbike v Lounech jsou akce, kter\u00e9 spl\u0148uj\u00ed hned n\u011bkolik d\u016fle\u017eit\u00fdch faktor\u016f. Jsou integra\u010dn\u00ed, jsou propagac\u00ed sportu handicapovan\u00fdch v \u010cesk\u00e9 republice, jsou p\u0159\u00edstupn\u00e9 dom\u00e1c\u00edm jezdc\u016fm, kte\u0159\u00ed se na akce podobn\u00e9ho typu v zahrani\u010d\u00ed nedostanou, umo\u017e\u0148uj\u00ed \u010cesk\u00e9 republice z\u00edskat mno\u017estv\u00ed bod\u016f do mezin\u00e1rodn\u00edho \u017eeb\u0159\u00ed\u010dku (pozn. autora: od tohoto \u017eeb\u0159\u00ed\u010dku se n\u00e1sledn\u011b vypo\u010d\u00edt\u00e1v\u00e1 po\u010det startuj\u00edc\u00edch dan\u00e9 zem\u011b na mistrovstv\u00ed sv\u011bta \u010di paralympi\u00e1d\u011b. Jin\u00fdmi slovy, za jedin\u00fd takov\u00fdto z\u00e1vod z\u00edsk\u00e1 \u010cesk\u00e1 republika v\u00edc bod\u016f, ne\u017e kolik vyjede n\u011bkter\u00fd ze zainteresovan\u00fdch svaz\u016f za celou zahrani\u010dn\u00ed sez\u00f3nu). N\u00e1klady na uspo\u0159\u00e1d\u00e1n\u00ed jednoho takov\u00e9hoto z\u00e1vodu jsou obrovsk\u00e9, \u0159\u00e1dov\u011b ve statis\u00edc\u00edch korun.<\/p>\n<p> <img decoding=\"async\" src=\"\/wordpress\/image\/k_clankum\/anketa11_3.jpg\" ALIGN=\"right\" HSPACE=5 VSPACE=5\"> Z\u00e1vody handicapovan\u00fdch maj\u00ed jen minimum sponzor\u016f, nesmysln\u00fdm sporem jedinc\u016f, kter\u00fd se st\u00e1le schov\u00e1v\u00e1 za n\u00e1zev &#8222;paralympijsk\u00fd spor&#8220; se poda\u0159ila v\u00fdjime\u010dn\u00e1 v\u011bc, toti\u017e to, \u017ee paralympijsk\u00fd sport p\u0159i\u0161el nejenom o sv\u00e9 dobr\u00e9 jm\u00e9no, ale i finan\u010dn\u00ed podporu v\u011bt\u0161iny firem. Je to celkem pochopiteln\u00e9, jen m\u00e1lokdo by investoval pen\u00edze do podniku, kter\u00fd je popul\u00e1rn\u00ed p\u0159edev\u0161\u00edm d\u00edky negativn\u00ed reklam\u011b. <\/p>\n<p> Ov\u0161em bylo by velmi jednoduch\u00e9, pouze kritizovat, \u017ee nejsou pen\u00edze ani z\u00e1jem a \u010dekat, a\u017e n\u011bco &#8222;spadne z nebe&#8220;. V\u011bci m\u016f\u017eeme pomoci sami. Mnoho prost\u0159edk\u016f se d\u00e1 ve struktu\u0159e sportu handicapovan\u00fdch u\u0161et\u0159it a pou\u017e\u00edt pr\u00e1v\u011b na sportovn\u00ed akce. A v\u00fdsledek bude podstatn\u011b hodnotn\u011bj\u0161\u00ed, p\u0159edev\u0161\u00edm z pohledu samotn\u00fdch sportovc\u016f.<br \/>Op\u011bt p\u0159ibl\u00ed\u017e\u00edm na p\u0159\u00edkladu: Spole\u010dn\u00fd t\u00fdm t\u011blesn\u011b a zrakov\u011b handicapovan\u00fdch cyklist\u016f. Jak\u00e1 je dohoda? \u010cATHS a \u010cSZPS se d\u011bl\u00ed o n\u00e1klady na v\u00fdjezdy reprezentace. Sekce cyklistiky \u010cATHS vymezila v r\u00e1mci sv\u00fdch z\u00e1vod\u016f prostor pro start \u010cesk\u00e9ho poh\u00e1ru tandem\u016f a tak\u00e9 cel\u00fd seri\u00e1l pro \u010cSZPS vytvo\u0159ila a organizuje, sekce cyklistiky \u010cATHS zaji\u0161\u0165uje pro tandemy po\u0159adatelstv\u00ed M\u010cR, spole\u010dn\u00e9 ob\u011bma svaz\u016fm, stejn\u011b jako spole\u010dn\u00fd fin\u00e1lov\u00fd z\u00e1vod tandem\u016f a handbike a tak\u00e9 dva z\u00e1vody Evropsk\u00e9ho poh\u00e1ru tandem\u016f po\u0159\u00e1dan\u00e9 na na\u0161em \u00fazem\u00ed. D\u00e1le tren\u00e9rsk\u00e9 slu\u017eby a veden\u00ed reprezenta\u010dn\u00edho t\u00fdmu tandem\u016f. <br \/>V\u00fdsledek? 50% \u00faspora ro\u010dn\u00edch n\u00e1klad\u016f obou svaz\u016f, spole\u010dn\u00e1 celosez\u00f3nn\u00ed sout\u011b\u017e a po 3 letech usilovn\u00e9 pr\u00e1ce m\u00e1me pos\u00e1dku tandemu schopnou vyhr\u00e1vat z\u00e1vody kategorie P1, tedy Evropsk\u00fd poh\u00e1r&#8230;<\/p>\n<p> Mysl\u00edm si, \u017ee nen\u00ed v\u016fbec od v\u011bci d\u016fkladn\u011b se zamyslet nad sout\u011b\u017eemi handicapovan\u00fdch sportovc\u016f v \u010cesk\u00e9 republice. Uv\u00e1\u017eit, zda v\u00edce nepropojit spolupr\u00e1ci jednotliv\u00fdch svaz\u016f, v\u017edy\u0165 pokud by jeden podnik po\u0159\u00e1daly dva \u010di t\u0159i, m\u00edsto jednoho, ka\u017ed\u00fd zainteresovan\u00fd po\u0159adatel bude m\u00edt v\u00fdrazn\u011b ni\u017e\u0161\u00ed n\u00e1klady a o sportovn\u00ed str\u00e1nce v\u011bci ani nemluv\u00edm &#8211; \u00fapln\u011b jinou sportovn\u00ed \u00farove\u0148 m\u00e1 z\u00e1vod s po\u010detn\u00fdm polem startuj\u00edc\u00edch ne\u017e z\u00e1vod, kde z\u00e1vod\u00ed p\u00e1r jedinc\u016f ze stejn\u00e9ho klubu. <br \/> Znamenalo by to ale, domluvit se. Vy\u010dlenit d\u016fle\u017eit\u00e9 sportovn\u00ed podniky a podpo\u0159it je. M\u00edt o toto v\u016fbec z\u00e1jem. Zat\u00edm to na n\u011bjakou v\u011bt\u0161\u00ed spolupr\u00e1ci mezi svazy \u010di &#8222;nadstranickou&#8220; podporu a koncept, v\u016fbec nevypad\u00e1 a jedinci usiluj\u00edc\u00ed o n\u011bco podobn\u00e9ho jsou pou\u010deni v\u00fdrazem &#8222;nesyst\u00e9mov\u00e9&#8220;&#8230;<br \/> Spojen\u00ed cyklistiky t\u011blesn\u011b posti\u017een\u00fdch s cyklistikou zrakov\u011b posti\u017een\u00fdch tak i nad\u00e1le z\u016fst\u00e1v\u00e1 ojedin\u011bl\u00fdm uskupen\u00edm dvou svaz\u016f v syst\u00e9mu sportu handicapovan\u00fdch. A to i p\u0159es ve\u0161ker\u00e9 ekonomick\u00e9 \u010di organiza\u010dn\u00ed v\u00fdhody, kter\u00e9 p\u0159in\u00e1\u0161\u00ed. <\/p>\n<p> Tak co? Po\u0159\u00e1dali byste za t\u00e9to situace z\u00e1vody pro handicapovan\u00e9 sportovce? <\/p>\n<p> Budeme r\u00e1di, kdy\u017e se zapoj\u00edte do na\u0161\u00ed ankety a odpov\u00edte na ot\u00e1zku: <br \/><strong>M\u00e1 smysl po\u0159\u00e1dat v \u010cesk\u00e9 republice z\u00e1vody pro handicapovan\u00e9 sportovce?<\/strong> <\/p>\n","protected":false},"excerpt":{"rendered":"<a href=\"https:\/\/www.caths.cz\/wordpress\/nova-anketni-otazka-ma-smysl-poradat-v-ceske-republice-zavody-pro-handicapovane-sportovce\/\"><img loading=\"lazy\" decoding=\"async\" width=\"100\" height=\"100\" src=\"https:\/\/www.caths.cz\/wordpress\/wp-content\/plugins\/thumbnail-for-excerpts\/tfe_no_thumb.png\" class=\"alignleft wp-post-image tfe\" alt=\"\" title=\"\" \/><\/a><p>Ur\u010dit\u011b ano, \u0159ekne patrn\u011b v\u011bt\u0161ina z v\u00e1s bez v\u011bt\u0161\u00edho zav\u00e1h\u00e1n\u00ed. Tak to zkuste! \u0159\u00edk\u00e1me my&#8230;:-) V\u016fbec to toti\u017e nen\u00ed tak jednoduch\u00e9, jak to vypad\u00e1. Po\u0159adatelstv\u00ed z\u00e1vod\u016f u n\u00e1s nar\u00e1\u017e\u00ed na [&hellip;]<\/p>\n","protected":false},"author":1,"featured_media":0,"comment_status":"closed","ping_status":"closed","sticky":false,"template":"","format":"standard","meta":{"ngg_post_thumbnail":0,"footnotes":""},"categories":[39],"tags":[],"class_list":["post-1981","post","type-post","status-publish","format-standard","hentry","category-caths-anketa"],"_links":{"self":[{"href":"https:\/\/www.caths.cz\/wordpress\/wp-json\/wp\/v2\/posts\/1981","targetHints":{"allow":["GET"]}}],"collection":[{"href":"https:\/\/www.caths.cz\/wordpress\/wp-json\/wp\/v2\/posts"}],"about":[{"href":"https:\/\/www.caths.cz\/wordpress\/wp-json\/wp\/v2\/types\/post"}],"author":[{"embeddable":true,"href":"https:\/\/www.caths.cz\/wordpress\/wp-json\/wp\/v2\/users\/1"}],"replies":[{"embeddable":true,"href":"https:\/\/www.caths.cz\/wordpress\/wp-json\/wp\/v2\/comments?post=1981"}],"version-history":[{"count":0,"href":"https:\/\/www.caths.cz\/wordpress\/wp-json\/wp\/v2\/posts\/1981\/revisions"}],"wp:attachment":[{"href":"https:\/\/www.caths.cz\/wordpress\/wp-json\/wp\/v2\/media?parent=1981"}],"wp:term":[{"taxonomy":"category","embeddable":true,"href":"https:\/\/www.caths.cz\/wordpress\/wp-json\/wp\/v2\/categories?post=1981"},{"taxonomy":"post_tag","embeddable":true,"href":"https:\/\/www.caths.cz\/wordpress\/wp-json\/wp\/v2\/tags?post=1981"}],"curies":[{"name":"wp","href":"https:\/\/api.w.org\/{rel}","templated":true}]}}