{"id":1964,"date":"2011-08-03T03:21:31","date_gmt":"2011-08-03T02:21:31","guid":{"rendered":"http:\/\/www.caths.cz\/wordpress\/?p=1964"},"modified":"2011-08-03T03:21:31","modified_gmt":"2011-08-03T02:21:31","slug":"tereza-diepoldova-novou-clenkou-projektu-cycling-talent","status":"publish","type":"post","link":"https:\/\/www.caths.cz\/wordpress\/tereza-diepoldova-novou-clenkou-projektu-cycling-talent\/","title":{"rendered":"Tereza Diepoldov\u00e1 novou \u010dlenkou projektu Cycling Talent"},"content":{"rendered":"\n<p align=\"justify\">\nHandicapovan\u00e1 cyklistka Tereza Diepoldov\u00e1, z\u00e1vod\u00edc\u00ed s nadkolenn\u00ed amputac\u00ed doln\u00ed kon\u010detiny, je novou \u010dlenkou projektu Cycling Talent. A \u017ee jde o opravdov\u00fd talent \u010desk\u00e9 cyklistiky dokazuj\u00ed v\u00fdsledky, t\u0159iadvacetilet\u00e9 Terezy z tohoto roku. Aktu\u00e1ln\u011b druh\u00e1 \u017eena sv\u011btov\u00fdch tabulek UCI si na sv\u00e9 konto letos p\u0159ipsala celkov\u00e9 t\u0159et\u00ed m\u00edsto ve Sv\u011btov\u00e9m poh\u00e1ru, vybojovala t\u0159i  v\u00edt\u011bzstv\u00ed v Evropsk\u00e9m poh\u00e1ru a na \u017e\u00e1dn\u00e9m ze z\u00e1vod\u016f kde startovala neskon\u010dila h\u016f\u0159e ne\u017e t\u0159et\u00ed&#8230;\n<\/p>\n<p align=\"justify\"><img decoding=\"async\" src=\"\/wordpress\/image\/k_clankum\/2011 - SP Baie Comeau 098.png\" ALIGN=\"right\" HSPACE=5 VSPACE=5\"> Cycling Talent je projektem \u00fasp\u011b\u0161n\u00e9ho profesion\u00e1ln\u00edho cyklokrosa\u0159e Radom\u00edra \u0160im\u016fnka ml., kter\u00fd realizuje ve spolupr\u00e1ci s Jarom\u00edrem Friedem, rovn\u011b\u017e vynikaj\u00edc\u00edm cyklistou, mimo jin\u00e9 b\u00fdval\u00fdm silni\u010dn\u00edm mistrem republiky. Realizuj\u00ed tak my\u0161lenku zesnul\u00e9ho Radom\u00edra \u0160im\u016fnka star\u0161\u00edho, jednoho z nej\u00fasp\u011b\u0161n\u011bj\u0161\u00edch cyklist\u016f sv\u011bta, kter\u00fd tak cht\u011bl vytvo\u0159it lep\u0161\u00ed podm\u00ednky pro mlad\u00e9, talentovan\u00e9 cyklisty. <br \/><em> &#8222;Cel\u00fd projekt se rodil ji\u017e v minul\u00fdch letech. T\u00e1ta, kter\u00fd \u017eil cyklistikou p\u0159ipravoval projekt na podporu mlad\u00fdch z\u00e1vodn\u00edk\u016f a vta\u017een\u00ed t\u011bch nejmen\u0161\u00edch do sportu. Bohu\u017eel, jeho p\u0159ed\u010dasn\u00fd odchod zabr\u00e1nil zrealizovat jeho c\u00edle. Je pro mne proto obrovskou motivac\u00ed dot\u00e1hnout t\u00e1t\u016fv projekt do konce a pokusit se pomoci mlad\u00fdm z\u00e1vodn\u00edk\u016fm. Na z\u00e1klad\u011b t\u00e9to my\u0161lenky vznikl Cycling Talent Project.&#8220; <\/em>objas\u0148uje c\u00edl a smysl projektu Radom\u00edr \u0160im\u016fnek mlad\u0161\u00ed, medailista mistrovstv\u00ed sv\u011bta, v\u00edt\u011bz Sv\u011btov\u00e9ho poh\u00e1ru a mimo jin\u00e9 i \u010dlen tr\u00e9ninkov\u00e9 skupiny tren\u00e9ra Viktora Zapletala. <\/p>\n<p> O Tereze zahrani\u010dn\u00ed odborn\u00edci hovo\u0159\u00ed jako o cyklistick\u00e9m objevu roku 2011 a jej\u00ed za\u0159azen\u00ed do presti\u017en\u00edho projektu Radom\u00edra \u0160im\u016fnka a Jarom\u00edra Friedeho Cycling Talent Project je ocen\u011bn\u00edm tvrd\u00e9 tr\u00e9ninkov\u00e9 pr\u00e1ce i p\u00edle, kterou Tereza cyklistice denn\u011b ob\u011btuje.<br \/><img decoding=\"async\" src=\"\/wordpress\/image\/k_clankum\/cyclingtalent.png\" ALIGN=\"left\" HSPACE=5 VSPACE=5\"> Tereza Diepoldov\u00e1 p\u0159i\u0161la o doln\u00ed kon\u010detinu p\u0159i autonehod\u011b ve 12 letech. Dlouho se v\u011bnovala z\u00e1vodn\u00edmu plav\u00e1n\u00ed, byla \u00fa\u010dastnic\u00ed paralympi\u00e1dy v At\u00e9n\u00e1ch i Pekingu. V roce 2010 ukon\u010dila svou aktivn\u00ed plaveckou kari\u00e9ru, stala se \u010dlenkou t\u00fdmu Nutrend Specialized Cycling. Tereza je pova\u017eov\u00e1na za jeden z nejv\u011bt\u0161\u00edch \u010desk\u00fdch talent\u016f cyklistiky handicapovan\u00fdch sou\u010dasnosti. <\/p>\n<p> V\u00edce o projektu si m\u016f\u017eete p\u0159e\u010d\u00edst na <a href=\"http:\/\/www.ctpsimunek.cz\/\" target=\"_blank\">www.ctpsimunek.cz<\/a><\/p>\n","protected":false},"excerpt":{"rendered":"<a href=\"https:\/\/www.caths.cz\/wordpress\/tereza-diepoldova-novou-clenkou-projektu-cycling-talent\/\"><img loading=\"lazy\" decoding=\"async\" width=\"100\" height=\"100\" src=\"https:\/\/www.caths.cz\/wordpress\/wp-content\/plugins\/thumbnail-for-excerpts\/tfe_no_thumb.png\" class=\"alignleft wp-post-image tfe\" alt=\"\" title=\"\" \/><\/a><p>Handicapovan\u00e1 cyklistka Tereza Diepoldov\u00e1, z\u00e1vod\u00edc\u00ed s nadkolenn\u00ed amputac\u00ed doln\u00ed kon\u010detiny, je novou \u010dlenkou projektu Cycling Talent. A \u017ee jde o opravdov\u00fd talent \u010desk\u00e9 cyklistiky dokazuj\u00ed v\u00fdsledky, t\u0159iadvacetilet\u00e9 Terezy z tohoto [&hellip;]<\/p>\n","protected":false},"author":1,"featured_media":0,"comment_status":"closed","ping_status":"closed","sticky":false,"template":"","format":"standard","meta":{"ngg_post_thumbnail":0,"footnotes":""},"categories":[2],"tags":[],"class_list":["post-1964","post","type-post","status-publish","format-standard","hentry","category-cyklistika"],"_links":{"self":[{"href":"https:\/\/www.caths.cz\/wordpress\/wp-json\/wp\/v2\/posts\/1964","targetHints":{"allow":["GET"]}}],"collection":[{"href":"https:\/\/www.caths.cz\/wordpress\/wp-json\/wp\/v2\/posts"}],"about":[{"href":"https:\/\/www.caths.cz\/wordpress\/wp-json\/wp\/v2\/types\/post"}],"author":[{"embeddable":true,"href":"https:\/\/www.caths.cz\/wordpress\/wp-json\/wp\/v2\/users\/1"}],"replies":[{"embeddable":true,"href":"https:\/\/www.caths.cz\/wordpress\/wp-json\/wp\/v2\/comments?post=1964"}],"version-history":[{"count":0,"href":"https:\/\/www.caths.cz\/wordpress\/wp-json\/wp\/v2\/posts\/1964\/revisions"}],"wp:attachment":[{"href":"https:\/\/www.caths.cz\/wordpress\/wp-json\/wp\/v2\/media?parent=1964"}],"wp:term":[{"taxonomy":"category","embeddable":true,"href":"https:\/\/www.caths.cz\/wordpress\/wp-json\/wp\/v2\/categories?post=1964"},{"taxonomy":"post_tag","embeddable":true,"href":"https:\/\/www.caths.cz\/wordpress\/wp-json\/wp\/v2\/tags?post=1964"}],"curies":[{"name":"wp","href":"https:\/\/api.w.org\/{rel}","templated":true}]}}