{"id":1963,"date":"2011-08-02T03:21:30","date_gmt":"2011-08-02T02:21:30","guid":{"rendered":"http:\/\/www.caths.cz\/wordpress\/?p=1963"},"modified":"2011-08-02T03:21:30","modified_gmt":"2011-08-02T02:21:30","slug":"na-traffalgarskem-namesti-tikaji-hodiny","status":"publish","type":"post","link":"https:\/\/www.caths.cz\/wordpress\/na-traffalgarskem-namesti-tikaji-hodiny\/","title":{"rendered":"Na Traffalgarsk\u00e9m n\u00e1m\u011bst\u00ed tikaj\u00ed hodiny&#8230;"},"content":{"rendered":"<p align=\"justify\">\nLond\u00fdnsk\u00e1 sportovi\u0161t\u011b jsou v 90% p\u0159ipravena k zah\u00e1jen\u00ed olympi\u00e1dy a paralympi\u00e1dy. N\u011bkter\u00e1 maj\u00ed za sebou dokonce u\u017e i testovac\u00ed p\u0159edolympijsk\u00e9 z\u00e1vody.\n<\/p>\n<p align=\"justify\"> \u017de Lond\u00fdn u\u017e nyn\u00ed \u017eije olympi\u00e1dou a paralympi\u00e1dou dokl\u00e1d\u00e1 i tato fotografie Michala \u010cerven\u00e9ho z Traffalgarsk\u00e9ho n\u00e1m\u011bst\u00ed, kde ob\u0159\u00ed hodiny pravideln\u011b ukrajuj\u00ed \u010das zb\u00fdvaj\u00edc\u00ed k zah\u00e1jen\u00ed paralympijsk\u00fdch her 2012. <\/p>\n<p> <img decoding=\"async\" src=\"\/wordpress\/image\/k_clankum\/trafalgar.jpg\"><br \/>Foto: Michal \u010cerven\u00fd<\/p>\n","protected":false},"excerpt":{"rendered":"<a href=\"https:\/\/www.caths.cz\/wordpress\/na-traffalgarskem-namesti-tikaji-hodiny\/\"><img loading=\"lazy\" decoding=\"async\" width=\"100\" height=\"100\" src=\"https:\/\/www.caths.cz\/wordpress\/wp-content\/plugins\/thumbnail-for-excerpts\/tfe_no_thumb.png\" class=\"alignleft wp-post-image tfe\" alt=\"\" title=\"\" \/><\/a><p>Lond\u00fdnsk\u00e1 sportovi\u0161t\u011b jsou v 90% p\u0159ipravena k zah\u00e1jen\u00ed olympi\u00e1dy a paralympi\u00e1dy. N\u011bkter\u00e1 maj\u00ed za sebou dokonce u\u017e i testovac\u00ed p\u0159edolympijsk\u00e9 z\u00e1vody. \u017de Lond\u00fdn u\u017e nyn\u00ed \u017eije olympi\u00e1dou a paralympi\u00e1dou dokl\u00e1d\u00e1 [&hellip;]<\/p>\n","protected":false},"author":1,"featured_media":0,"comment_status":"closed","ping_status":"closed","sticky":false,"template":"","format":"standard","meta":{"ngg_post_thumbnail":0,"footnotes":""},"categories":[41],"tags":[],"class_list":["post-1963","post","type-post","status-publish","format-standard","hentry","category-lph-londyn-2012"],"_links":{"self":[{"href":"https:\/\/www.caths.cz\/wordpress\/wp-json\/wp\/v2\/posts\/1963","targetHints":{"allow":["GET"]}}],"collection":[{"href":"https:\/\/www.caths.cz\/wordpress\/wp-json\/wp\/v2\/posts"}],"about":[{"href":"https:\/\/www.caths.cz\/wordpress\/wp-json\/wp\/v2\/types\/post"}],"author":[{"embeddable":true,"href":"https:\/\/www.caths.cz\/wordpress\/wp-json\/wp\/v2\/users\/1"}],"replies":[{"embeddable":true,"href":"https:\/\/www.caths.cz\/wordpress\/wp-json\/wp\/v2\/comments?post=1963"}],"version-history":[{"count":0,"href":"https:\/\/www.caths.cz\/wordpress\/wp-json\/wp\/v2\/posts\/1963\/revisions"}],"wp:attachment":[{"href":"https:\/\/www.caths.cz\/wordpress\/wp-json\/wp\/v2\/media?parent=1963"}],"wp:term":[{"taxonomy":"category","embeddable":true,"href":"https:\/\/www.caths.cz\/wordpress\/wp-json\/wp\/v2\/categories?post=1963"},{"taxonomy":"post_tag","embeddable":true,"href":"https:\/\/www.caths.cz\/wordpress\/wp-json\/wp\/v2\/tags?post=1963"}],"curies":[{"name":"wp","href":"https:\/\/api.w.org\/{rel}","templated":true}]}}