{"id":1960,"date":"2011-07-31T12:09:52","date_gmt":"2011-07-31T11:09:52","guid":{"rendered":"http:\/\/www.caths.cz\/wordpress\/?p=1960"},"modified":"2011-07-31T12:09:52","modified_gmt":"2011-07-31T11:09:52","slug":"petra-hurtova-radek-fabian-a-tomas-kajnar-jsou-novymi-mistry-ceske-republiky-handicapovanych-cyklistu-v-kategorii-xc-horskych-kol","status":"publish","type":"post","link":"https:\/\/www.caths.cz\/wordpress\/petra-hurtova-radek-fabian-a-tomas-kajnar-jsou-novymi-mistry-ceske-republiky-handicapovanych-cyklistu-v-kategorii-xc-horskych-kol\/","title":{"rendered":"Petra Hurtov\u00e1, Radek Fabi\u00e1n a Tom\u00e1\u0161 Kajnar jsou nov\u00fdmi mistry \u010cesk\u00e9 republiky handicapovan\u00fdch cyklist\u016f v kategorii XC horsk\u00fdch kol"},"content":{"rendered":"<p align=\"justify\">\nS podm\u00e1\u010denou, bl\u00e1tivou a velmi t\u011b\u017ekou trat\u00ed se museli pot\u00fdkat \u00fa\u010dastn\u00edci Mistrovstv\u00ed \u010cesk\u00e9 republiky horsk\u00fdch kol handicapovan\u00fdch cyklist\u016f. V\u00fdborn\u011b p\u0159ipraven\u00e9 z\u00e1vody s po\u010detnou div\u00e1ckou kulisou zvl\u00e1dli nejl\u00e9pe handbike\u0159i Radek Fabi\u00e1n, Petra Hurtov\u00e1 a v kategorii cyklist\u016f pak Tom\u00e1\u0161 Kajnar (5), kter\u00fd si vypracoval b\u011bhem z\u00e1vodu tak velk\u00fd n\u00e1skok, \u017ee ho nezbrzdil ani defekt zadn\u00edho kola, se kter\u00fdm absolvoval posledn\u00ed okruh n\u00e1ro\u010dn\u00e9ho z\u00e1vodu.<\/p>\n<p><u> V\u00fdsledky:<\/u><\/p>\n<p> M\u010cR MTB XCO kategorie C mu\u017ei:<br \/> 1. m\u00edsto Tom\u00e1\u0161 Kajnar<br \/> 2. m\u00edsto Radim Karbowiak<br \/> 3. m\u00edsto Ji\u0159\u00ed Bern\u00e1t<\/p>\n<p> M\u010cR MTB XCO kategorie H mu\u017ei:<br \/> 1. m\u00edsto Radek Fabi\u00e1n<br \/> 2. m\u00edsto Jan \u0160afr\u00e1nek<br \/> 3. m\u00edsto Martin B\u0159ou\u0161ek<\/p>\n<p> M\u010cR MTB XCO kategorie H \u017eeny:<br \/> 1. m\u00edsto Petra Hurtov\u00e1<\/p>\n<p> <img decoding=\"async\" src=\"\/wordpress\/image\/k_clankum\/chachar2011\/002.JPG\"><\/p>\n<p> Organiz\u00e1to\u0159i Ostravsk\u00e9ho Chachara p\u0159ipravili pro z\u00e1vodn\u00edky nejen n\u00e1ro\u010dn\u00e9 trat\u011b <\/p>\n<p> <img decoding=\"async\" src=\"\/wordpress\/image\/k_clankum\/chachar2011\/003.JPG\"><\/p>\n<p> ..ale tak\u00e9 profesion\u00e1ln\u00ed z\u00e1zem\u00ed <\/p>\n<p> <img decoding=\"async\" src=\"\/wordpress\/image\/k_clankum\/chachar2011\/008.JPG\"><\/p>\n<p> N\u011bkte\u0159\u00ed \u00fa\u010dastn\u00edci nocovali p\u0159\u00edmo na trati z\u00e1vodu <\/p>\n<p> <img decoding=\"async\" src=\"\/wordpress\/image\/k_clankum\/chachar2011\/009.JPG\"><\/p>\n<p> Handbike\u0159i se servisn\u00edm n\u00e1dob\u00ed\u010dkem <\/p>\n<p> <img decoding=\"async\" src=\"\/wordpress\/image\/k_clankum\/chachar2011\/025.JPG\"><\/p>\n<p> P\u0159ed startem M\u010cR <\/p>\n<p> <img decoding=\"async\" src=\"\/wordpress\/image\/k_clankum\/chachar2011\/027.JPG\"><\/p>\n<p> Handicapovan\u00e9 cyklisty kategorie C \u010dekaly 3 okruhy n\u00e1ro\u010dn\u00e9 trati <\/p>\n<p> <img decoding=\"async\" src=\"\/wordpress\/image\/k_clankum\/chachar2011\/029.JPG\"><\/p>\n<p> Tom\u00e1\u0161e Kajnara jsme vid\u011bli i p\u0159ed t\u00fddnem na M\u010cR v silni\u010dn\u00ed cyklistice <\/p>\n<p> <img decoding=\"async\" src=\"\/wordpress\/image\/k_clankum\/chachar2011\/030.JPG\"><\/p>\n<p> <img decoding=\"async\" src=\"\/wordpress\/image\/k_clankum\/chachar2011\/050.JPG\"><\/p>\n<p> Tom\u00e1\u0161 na jednom z t\u011b\u017ek\u00fdch v\u00fdjezd\u016f <\/p>\n<p> <img decoding=\"async\" src=\"\/wordpress\/image\/k_clankum\/chachar2011\/057.JPG\"><\/p>\n<p> Ji\u0159\u00ed Bern\u00e1t <\/p>\n<p> <img decoding=\"async\" src=\"\/wordpress\/image\/k_clankum\/chachar2011\/067.JPG\"><\/p>\n<p> Radim Karbowiak bojoval s n\u00e1ro\u010dnost\u00ed trati <\/p>\n<p> <img decoding=\"async\" src=\"\/wordpress\/image\/k_clankum\/chachar2011\/069.JPG\"><\/p>\n<p> A nakonec zvolil jist\u011bj\u0161\u00ed zp\u016fsob zdol\u00e1n\u00ed prudk\u00e9ho v\u00fdjezdu <\/p>\n<p> <img decoding=\"async\" src=\"\/wordpress\/image\/k_clankum\/chachar2011\/073.JPG\"><\/p>\n<p> <img decoding=\"async\" src=\"\/wordpress\/image\/k_clankum\/chachar2011\/086.JPG\"><\/p>\n<p> Tom\u00e1\u0161 Kajnar nakonec z\u00e1vod dokon\u010dil s defektem zadn\u00edho kola, ale s \u00fasm\u011bvem <\/p>\n<p> <img decoding=\"async\" src=\"\/wordpress\/image\/k_clankum\/chachar2011\/111.JPG\"><\/p>\n<p> V pr\u016fb\u011bhu celodenn\u00edho programu prob\u00edhalo spousta cyklistick\u00fdch z\u00e1vod\u016f d\u011btsk\u00fdch a ml\u00e1de\u017enick\u00fdch kategori\u00ed <\/p>\n<p> <img decoding=\"async\" src=\"\/wordpress\/image\/k_clankum\/chachar2011\/112.JPG\"><\/p>\n<p> D\u011bti se praly s rozmoklou trat\u00ed s neuv\u011b\u0159itelnou vervou <\/p>\n<p> <img decoding=\"async\" src=\"\/wordpress\/image\/k_clankum\/chachar2011\/116.JPG\"><\/p>\n<p> <img decoding=\"async\" src=\"\/wordpress\/image\/k_clankum\/chachar2011\/122.JPG\"><\/p>\n<p> Jeden z nejmlad\u0161\u00edch z\u00e1vodn\u00edk\u016f <\/p>\n<p> <img decoding=\"async\" src=\"\/wordpress\/image\/k_clankum\/chachar2011\/123.JPG\"><\/p>\n<p> a ocen\u011bn\u00ed jejich snahy na p\u00f3diu <\/p>\n<p> <img decoding=\"async\" src=\"\/wordpress\/image\/k_clankum\/chachar2011\/124.JPG\"><\/p>\n<p> &#8222;z\u00e1vodn\u00ed stroj&#8220; <\/p>\n<p> <img decoding=\"async\" src=\"\/wordpress\/image\/k_clankum\/chachar2011\/126.JPG\"><\/p>\n<p> Dirt Jump \u2013 skoky na kole, p\u0159i kter\u00fdch se taj\u00ed dech <\/p>\n<p> <img decoding=\"async\" src=\"\/wordpress\/image\/k_clankum\/chachar2011\/130.JPG\"><\/p>\n<p> Handbike\u0159i \u010cern\u00fdch kon\u00ed <\/p>\n<p> <img decoding=\"async\" src=\"\/wordpress\/image\/k_clankum\/chachar2011\/131.JPG\"><\/p>\n<p> Na start M\u010cR MTB XCO se postavili 4 z\u00e1vodn\u00edci \u2013 jedna \u017eena Petra Hurtov\u00e1 a t\u0159i mu\u017ei-Radek Fabi\u00e1n, Jan \u0160afr\u00e1nek a Martin B\u0159ou\u0161ek <\/p>\n<p> <img decoding=\"async\" src=\"\/wordpress\/image\/k_clankum\/chachar2011\/138.JPG\"><\/p>\n<p> Handbikery p\u0159i\u0161lo povzbudit velk\u00e9 mno\u017estv\u00ed div\u00e1k\u016f <\/p>\n<p> <img decoding=\"async\" src=\"\/wordpress\/image\/k_clankum\/chachar2011\/139.JPG\"><\/p>\n<p> <img decoding=\"async\" src=\"\/wordpress\/image\/k_clankum\/chachar2011\/140.JPG\"><\/p>\n<p> Radek Fabi\u00e1n, jeho\u017e dom\u00e9na je sp\u00ed\u0161 silni\u010dn\u00ed kolo, p\u0159ijel vyzkou\u0161et n\u00e1ro\u010dnost \u201eter\u00e9nn\u00edho\u201c handbiku <\/p>\n<p> <img decoding=\"async\" src=\"\/wordpress\/image\/k_clankum\/chachar2011\/144.JPG\"><\/p>\n<p> Na startu M\u010cR se objevil i Jan \u0160afr\u00e1nek, reprezentant ve sledge hokeji, kter\u00fd v r\u00e1mci p\u0159\u00edpravy jezd\u00ed na kole <\/p>\n<p> <img decoding=\"async\" src=\"\/wordpress\/image\/k_clankum\/chachar2011\/145.JPG\"><\/p>\n<p> <img decoding=\"async\" src=\"\/wordpress\/image\/k_clankum\/chachar2011\/152.JPG\"><\/p>\n<p> Petra Hurtov\u00e1 <\/p>\n<p> <img decoding=\"async\" src=\"\/wordpress\/image\/k_clankum\/chachar2011\/157.JPG\"><\/p>\n<p> V\u00edt\u011bzem z\u00e1vodu M\u010cR se stal Radek Fabi\u00e1n <\/p>\n<p> <img decoding=\"async\" src=\"\/wordpress\/image\/k_clankum\/chachar2011\/206.JPG\"><\/p>\n<p> Mistr \u010cesk\u00e9 republiky MTB XCO handicapovan\u00fdch cyklist\u016f kategorie H mu\u017ei \u2013 Radek Fabi\u00e1n a H \u017eeny Petra Hurtov\u00e1 <\/p>\n<p> <img decoding=\"async\" src=\"\/wordpress\/image\/k_clankum\/chachar2011\/213.JPG\"><\/p>\n<p> Mistr \u010cesk\u00e9 republiky MTB XCO handicapovan\u00fdch cyklist\u016f kategorie C Tom\u00e1\u0161 Kajnar, druh\u00fd Radim Karbowiak, t\u0159et\u00ed Ji\u0159\u00ed Bern\u00e1t <\/p>\n","protected":false},"excerpt":{"rendered":"<a href=\"https:\/\/www.caths.cz\/wordpress\/petra-hurtova-radek-fabian-a-tomas-kajnar-jsou-novymi-mistry-ceske-republiky-handicapovanych-cyklistu-v-kategorii-xc-horskych-kol\/\"><img loading=\"lazy\" decoding=\"async\" width=\"100\" height=\"100\" src=\"https:\/\/www.caths.cz\/wordpress\/wp-content\/plugins\/thumbnail-for-excerpts\/tfe_no_thumb.png\" class=\"alignleft wp-post-image tfe\" alt=\"\" title=\"\" \/><\/a><p>S podm\u00e1\u010denou, bl\u00e1tivou a velmi t\u011b\u017ekou trat\u00ed se museli pot\u00fdkat \u00fa\u010dastn\u00edci Mistrovstv\u00ed \u010cesk\u00e9 republiky horsk\u00fdch kol handicapovan\u00fdch cyklist\u016f. V\u00fdborn\u011b p\u0159ipraven\u00e9 z\u00e1vody s po\u010detnou div\u00e1ckou kulisou zvl\u00e1dli nejl\u00e9pe handbike\u0159i Radek Fabi\u00e1n, [&hellip;]<\/p>\n","protected":false},"author":1,"featured_media":0,"comment_status":"closed","ping_status":"closed","sticky":false,"template":"","format":"standard","meta":{"ngg_post_thumbnail":0,"footnotes":""},"categories":[40],"tags":[],"class_list":["post-1960","post","type-post","status-publish","format-standard","hentry","category-pojed-s-nami"],"_links":{"self":[{"href":"https:\/\/www.caths.cz\/wordpress\/wp-json\/wp\/v2\/posts\/1960","targetHints":{"allow":["GET"]}}],"collection":[{"href":"https:\/\/www.caths.cz\/wordpress\/wp-json\/wp\/v2\/posts"}],"about":[{"href":"https:\/\/www.caths.cz\/wordpress\/wp-json\/wp\/v2\/types\/post"}],"author":[{"embeddable":true,"href":"https:\/\/www.caths.cz\/wordpress\/wp-json\/wp\/v2\/users\/1"}],"replies":[{"embeddable":true,"href":"https:\/\/www.caths.cz\/wordpress\/wp-json\/wp\/v2\/comments?post=1960"}],"version-history":[{"count":0,"href":"https:\/\/www.caths.cz\/wordpress\/wp-json\/wp\/v2\/posts\/1960\/revisions"}],"wp:attachment":[{"href":"https:\/\/www.caths.cz\/wordpress\/wp-json\/wp\/v2\/media?parent=1960"}],"wp:term":[{"taxonomy":"category","embeddable":true,"href":"https:\/\/www.caths.cz\/wordpress\/wp-json\/wp\/v2\/categories?post=1960"},{"taxonomy":"post_tag","embeddable":true,"href":"https:\/\/www.caths.cz\/wordpress\/wp-json\/wp\/v2\/tags?post=1960"}],"curies":[{"name":"wp","href":"https:\/\/api.w.org\/{rel}","templated":true}]}}