{"id":1958,"date":"2011-07-28T08:26:30","date_gmt":"2011-07-28T07:26:30","guid":{"rendered":"http:\/\/www.caths.cz\/wordpress\/?p=1958"},"modified":"2011-07-28T08:26:30","modified_gmt":"2011-07-28T07:26:30","slug":"ostravsky-chachar-je-pripraven-na-zavod-handicapovanych-bikeru","status":"publish","type":"post","link":"https:\/\/www.caths.cz\/wordpress\/ostravsky-chachar-je-pripraven-na-zavod-handicapovanych-bikeru\/","title":{"rendered":"Ostravsk\u00fd Chachar je p\u0159ipraven na z\u00e1vod handicapovan\u00fdch biker\u016f!"},"content":{"rendered":"<p align=\"justify\">S velikou pe\u010dlivost\u00ed a odpov\u011bdnost\u00ed p\u0159istupuj\u00ed organiz\u00e1to\u0159i Ostravsk\u00e9ho Chachara k z\u00e1vodu handicapovan\u00fdch cyklist\u016f ve kter\u00e9m budou bojovat o tituly Mistr\u016f \u010cesk\u00e9 republiky horsk\u00fdch kol v cross country.<\/p>\n<p align=\"justify\">Pokud nem\u00e1te program na tuto sobotu, srde\u010dn\u011b v\u00e1s zveme k \u00fa\u010dasti. Nebudete litovat, proto\u017ee uvid\u00edte z\u00e1vody horsk\u00fdch kol vysok\u00e9 kategorie C1 a sout\u011b\u017eit budou v\u0161echny v\u011bkov\u00e9 a v\u00fdkonnostn\u00ed kategorie cyklist\u016f.<br \/> Mistrovstv\u00ed \u010cesk\u00e9 republiky horsk\u00fdch kol handicapovan\u00fdch cyklist\u016f odstartuje v 9:30 hodin.<br \/> <img decoding=\"async\" src=\"\/wordpress\/image\/sekretarky\/MTB.jpg\" ALIGN=\"right\" HSPACE=5 VSPACE=5\">V\u0161ichni handicapovan\u00ed jezdci startuj\u00ed zdarma, nemusej\u00ed tedy platit startovn\u00e9. Pro handicapovan\u00e9 z\u00e1vodn\u00edky bude k dispozici stan \u010cern\u00fdch kon\u00ed v bl\u00edzkosti startu a c\u00edle, kam se m\u016f\u017eete obr\u00e1tit v p\u0159\u00edpad\u011b jak\u00fdchkoliv nesn\u00e1z\u00ed.<br \/> P\u0159ije\u010fte do Ostravy, poj\u010fte si zaz\u00e1vodit! Nen\u00ed d\u016fle\u017eit\u00e9 v jak\u00e9m po\u0159ad\u00ed dojedete do c\u00edle, d\u016fle\u017eit\u00e9 je, \u017ee se z\u00fa\u010dastn\u00edte kr\u00e1sn\u00fdch z\u00e1vod\u016f v \u00fa\u017easn\u00e9 div\u00e1ck\u00e9 atmosf\u00e9\u0159e. Poje\u010f\u0165e s n\u00e1mi!<\/p>\n<p> Propozice z\u00e1vodu <a href=\"http:\/\/www.ostravskychachar.cz\/\" target=\"_blank\"> zde<\/a><\/p>\n","protected":false},"excerpt":{"rendered":"<a href=\"https:\/\/www.caths.cz\/wordpress\/ostravsky-chachar-je-pripraven-na-zavod-handicapovanych-bikeru\/\"><img loading=\"lazy\" decoding=\"async\" width=\"100\" height=\"100\" src=\"https:\/\/www.caths.cz\/wordpress\/wp-content\/plugins\/thumbnail-for-excerpts\/tfe_no_thumb.png\" class=\"alignleft wp-post-image tfe\" alt=\"\" title=\"\" \/><\/a><p>S velikou pe\u010dlivost\u00ed a odpov\u011bdnost\u00ed p\u0159istupuj\u00ed organiz\u00e1to\u0159i Ostravsk\u00e9ho Chachara k z\u00e1vodu handicapovan\u00fdch cyklist\u016f ve kter\u00e9m budou bojovat o tituly Mistr\u016f \u010cesk\u00e9 republiky horsk\u00fdch kol v cross country. Pokud nem\u00e1te program [&hellip;]<\/p>\n","protected":false},"author":1,"featured_media":0,"comment_status":"closed","ping_status":"closed","sticky":false,"template":"","format":"standard","meta":{"ngg_post_thumbnail":0,"footnotes":""},"categories":[40],"tags":[],"class_list":["post-1958","post","type-post","status-publish","format-standard","hentry","category-pojed-s-nami"],"_links":{"self":[{"href":"https:\/\/www.caths.cz\/wordpress\/wp-json\/wp\/v2\/posts\/1958","targetHints":{"allow":["GET"]}}],"collection":[{"href":"https:\/\/www.caths.cz\/wordpress\/wp-json\/wp\/v2\/posts"}],"about":[{"href":"https:\/\/www.caths.cz\/wordpress\/wp-json\/wp\/v2\/types\/post"}],"author":[{"embeddable":true,"href":"https:\/\/www.caths.cz\/wordpress\/wp-json\/wp\/v2\/users\/1"}],"replies":[{"embeddable":true,"href":"https:\/\/www.caths.cz\/wordpress\/wp-json\/wp\/v2\/comments?post=1958"}],"version-history":[{"count":0,"href":"https:\/\/www.caths.cz\/wordpress\/wp-json\/wp\/v2\/posts\/1958\/revisions"}],"wp:attachment":[{"href":"https:\/\/www.caths.cz\/wordpress\/wp-json\/wp\/v2\/media?parent=1958"}],"wp:term":[{"taxonomy":"category","embeddable":true,"href":"https:\/\/www.caths.cz\/wordpress\/wp-json\/wp\/v2\/categories?post=1958"},{"taxonomy":"post_tag","embeddable":true,"href":"https:\/\/www.caths.cz\/wordpress\/wp-json\/wp\/v2\/tags?post=1958"}],"curies":[{"name":"wp","href":"https:\/\/api.w.org\/{rel}","templated":true}]}}