{"id":1956,"date":"2011-07-26T09:07:21","date_gmt":"2011-07-26T08:07:21","guid":{"rendered":"http:\/\/www.caths.cz\/wordpress\/?p=1956"},"modified":"2011-07-26T09:07:21","modified_gmt":"2011-07-26T08:07:21","slug":"do-danska-na-mistrovstvi-sveta-pojede-9-cyklistu","status":"publish","type":"post","link":"https:\/\/www.caths.cz\/wordpress\/do-danska-na-mistrovstvi-sveta-pojede-9-cyklistu\/","title":{"rendered":"Do D\u00e1nska na mistrovstv\u00ed sv\u011bta pojede 9 cyklist\u016f"},"content":{"rendered":"<p align=\"justify\"> V t\u00fdmu bude celkem 9 z\u00e1vodn\u00edk\u016f a v Roskilde n\u00e1s budou reprezentovat: <\/p>\n<p><img decoding=\"async\" src=\"\/wordpress\/image\/k_clankum\/roskilde.jpg\" ALIGN=\"right\" HSPACE=5 VSPACE=5\"> <u>Handbike:<\/u> <br \/> Jan Tom\u00e1nek, kategorie H2<br \/> Stanislav B\u00edza, kategorie H3<\/p>\n<p> <u>Tandem s nevidom\u00fdm cyklistou:<\/u><br \/> Ji\u0159\u00ed Chyba \u2013 Marek Moflar<\/p>\n<p> <u>Cyklist\u00e9 kategorie C:<\/u><br \/> Tereza Diepoldov\u00e1, kategorie C2<br \/> Michal Stark, kategorie C2<br \/> Tom\u00e1\u0161 Kvasni\u010dka, Kategorie C3<br \/> Miroslav Dongres, kategorie C3<br \/> Ji\u0159\u00ed Je\u017eek, kategorie C4 <\/p>\n","protected":false},"excerpt":{"rendered":"<a href=\"https:\/\/www.caths.cz\/wordpress\/do-danska-na-mistrovstvi-sveta-pojede-9-cyklistu\/\"><img loading=\"lazy\" decoding=\"async\" width=\"100\" height=\"100\" src=\"https:\/\/www.caths.cz\/wordpress\/wp-content\/plugins\/thumbnail-for-excerpts\/tfe_no_thumb.png\" class=\"alignleft wp-post-image tfe\" alt=\"\" title=\"\" \/><\/a><p>V t\u00fdmu bude celkem 9 z\u00e1vodn\u00edk\u016f a v Roskilde n\u00e1s budou reprezentovat:<\/p>\n","protected":false},"author":1,"featured_media":0,"comment_status":"closed","ping_status":"closed","sticky":false,"template":"","format":"standard","meta":{"ngg_post_thumbnail":0,"footnotes":""},"categories":[2],"tags":[],"class_list":["post-1956","post","type-post","status-publish","format-standard","hentry","category-cyklistika"],"_links":{"self":[{"href":"https:\/\/www.caths.cz\/wordpress\/wp-json\/wp\/v2\/posts\/1956","targetHints":{"allow":["GET"]}}],"collection":[{"href":"https:\/\/www.caths.cz\/wordpress\/wp-json\/wp\/v2\/posts"}],"about":[{"href":"https:\/\/www.caths.cz\/wordpress\/wp-json\/wp\/v2\/types\/post"}],"author":[{"embeddable":true,"href":"https:\/\/www.caths.cz\/wordpress\/wp-json\/wp\/v2\/users\/1"}],"replies":[{"embeddable":true,"href":"https:\/\/www.caths.cz\/wordpress\/wp-json\/wp\/v2\/comments?post=1956"}],"version-history":[{"count":0,"href":"https:\/\/www.caths.cz\/wordpress\/wp-json\/wp\/v2\/posts\/1956\/revisions"}],"wp:attachment":[{"href":"https:\/\/www.caths.cz\/wordpress\/wp-json\/wp\/v2\/media?parent=1956"}],"wp:term":[{"taxonomy":"category","embeddable":true,"href":"https:\/\/www.caths.cz\/wordpress\/wp-json\/wp\/v2\/categories?post=1956"},{"taxonomy":"post_tag","embeddable":true,"href":"https:\/\/www.caths.cz\/wordpress\/wp-json\/wp\/v2\/tags?post=1956"}],"curies":[{"name":"wp","href":"https:\/\/api.w.org\/{rel}","templated":true}]}}