{"id":1950,"date":"2011-07-21T02:58:08","date_gmt":"2011-07-21T01:58:08","guid":{"rendered":"http:\/\/www.caths.cz\/wordpress\/?p=1950"},"modified":"2011-07-21T02:58:08","modified_gmt":"2011-07-21T01:58:08","slug":"velky-prazdninovy-rozhovor-s-fotografem-michalem-cervenym","status":"publish","type":"post","link":"https:\/\/www.caths.cz\/wordpress\/velky-prazdninovy-rozhovor-s-fotografem-michalem-cervenym\/","title":{"rendered":"Velk\u00fd pr\u00e1zdninov\u00fd rozhovor s fotografem Michalem \u010cerven\u00fdm"},"content":{"rendered":"<p align=\"justify\">\nVrcholov\u00fd sport m\u00e1 sv\u00e9 hv\u011bzdy. Mezi n\u011b nepat\u0159\u00ed pouze sportovci, ale i cel\u00e1<br \/>\n\u0159ada dal\u0161\u00edch profes\u00ed &#8211; tren\u00e9\u0159i, mana\u017ee\u0159i, l\u00e9ka\u0159i, novin\u00e1\u0159i, filma\u0159i a tak\u00e9<br \/>\nfotografov\u00e9. Po\u017e\u00e1dali jsme o rozhovor fotografa Michala \u010cerven\u00e9ho, kter\u00fd je pova\u017eov\u00e1n odborn\u00edky za jednoho z na\u0161ich nejlep\u0161\u00edch sportovn\u00edch fotograf\u016f sou\u010dasnosti a netaj\u00ed se sv\u00fdm obdivem a sympatiemi k v\u00fdkon\u016fm handicapovan\u00fdch sportovc\u016f&#8230;<\/p>\n<p>foto: Michal \u010cerven\u00fd a archiv Michala \u010cerven\u00e9ho <\/p>\n<p align=\"justify\"> <strong>1) Sportovn\u00edch fotograf\u016f nen\u00ed mnoho. St\u00e1t se sportovn\u00edm fotografem vy\u017eaduje pot\u0159ebnou d\u00e1vku talentu i p\u00edle. St\u00e1t se uzn\u00e1van\u00fdm sportovn\u00edm fotografem, pak je\u0161t\u011b mnohem v\u00edc. Ty jsi pova\u017eovan\u00fd za mimo\u0159\u00e1dn\u00fd talent \u010desk\u00e9 sportovn\u00ed fotografie a nejv\u00edce T\u011b proslavily tv\u00e9 sn\u00edmky z Afriky, kde jsi fotil slavn\u00fd z\u00e1vod horsk\u00fdch kol Cape Epic. M\u016f\u017ee\u0161 pros\u00edm p\u0159edstavit p\u00e1r fotografi\u00ed z africk\u00e9 kolekce i s Tv\u00fdm koment\u00e1\u0159em? <\/strong><\/p>\n<p><em> Cape Epic je \u00fa\u017easn\u00fd z\u00e1vod a j\u00e1 \u0159\u00edk\u00e1m, \u017ee je to nejlep\u0161\u00ed bikov\u00fd z\u00e1vod na sv\u011bt\u011b a nejen pro mn\u011b jako fotografa. Nab\u00edz\u00ed kr\u00e1snou p\u0159\u00edrodu, dobr\u00e9 po\u010das\u00ed, skv\u011bl\u00e9 zaji\u0161t\u011bn\u00ed, kdy\u017e m\u00e1te \u0161t\u011bst\u00ed, tak i po r\u00e1nu perfektn\u00ed sv\u011btlo a v n\u011bm sv\u011btovou \u0161pi\u010dku. Z\u00e1vodem se b\u011bhem toho t\u00fddne prol\u00edn\u00e1 i spousta p\u0159\u00edb\u011bh\u016f, kter\u00e9 vn\u00edm\u00e1te. Jako nap\u0159\u00edklad letos ten s nevidom\u00fdm bikerem Bellim, kter\u00e9mu u\u017e u\u017e rozhod\u010d\u00ed z tandemu st\u0159\u00edhali v p\u0159edposledn\u00ed etap\u011b \u010d\u00edslo, ale nakonec z\u00e1vod dokon\u010dil a v c\u00edli se zhroutil dojet\u00edm. <\/em><\/p>\n<p> <strong>2) Jak se st\u00e1t profesion\u00e1ln\u00edm fotografem, resp. kolik procent tvo\u0159\u00ed talent a kolik soustavn\u00e1 pr\u00e1ce?<\/strong><\/p>\n<p><em> Fotografie se ned\u00e1 d\u011blat bez toho, ani\u017e by v\u00e1s to bavilo. Naopak, mus\u00ed v\u00e1s to hodn\u011b vt\u00e1hnout. Pak to jde mnohem sn\u00e1ze, m\u00e1te n\u00e1pady, sna\u017e\u00edt\u011b se tvo\u0159it, u\u010d\u00edte se a chcete se po\u0159\u00e1d zlep\u0161ovat a posouvat dop\u0159edu. S talentem jde asi v\u0161echno l\u00e9pe, ale samo bez pr\u00e1ce pochopiteln\u011b nejde nic. \u010clov\u011bk se mus\u00ed u\u010dit, p\u0159ipravovat a dost o tom p\u0159em\u00fd\u0161let. <\/em><\/p>\n<p> <strong> 3) Co Ti v\u00edc vyhovuje, n\u00e1hodn\u00e9 fotografov\u00e1n\u00ed, nebo dlouze p\u0159ipravovan\u00fd a promy\u0161len\u00fd z\u00e1b\u011br?<\/strong><\/p>\n<p><em> Ob\u010das se stane, \u017ee n\u011bco jen tak n\u011bkde n\u011bco &#8222;od boku&#8220; zm\u00e1\u010dknete a je tam fotka. S t\u00edm si vysta\u010d\u00edte na dovlolen\u00e9 a tak. Na d\u016fle\u017eit\u00fdch z\u00e1vodech jako jsou sv\u011btov\u00e9 poh\u00e1ry nebo mistrovstv\u00ed sv\u011bta se sna\u017e\u00edm si fotku alespo\u0148 trochu p\u0159ipravit. Je d\u016fle\u017eit\u00e9 zn\u00e1t dob\u0159e tra\u0165, vybrat dobr\u00e1 m\u00edsta pro fotku a sna\u017eit se alespo\u0148 trochu odhadnout sv\u011btlo, jak\u00e9 tam bude p\u0159i samotn\u00e9m z\u00e1vod\u011b. Komer\u010dn\u00ed fotka je pak z nejv\u011bt\u0161\u00ed \u010d\u00e1sti pr\u00e1v\u011b o t\u00e9 p\u0159edchoz\u00ed p\u0159\u00edprav\u011b. <\/em><\/p>\n<p> <strong> 4) M\u016f\u017ee\u0161 p\u0159edstavit a popsat fotku, kter\u00e9 si hodn\u011b cen\u00ed\u0161?<\/strong><\/p>\n<p><em> T\u011b\u017eko se mi to takhle vyb\u00edr\u00e1 a konkr\u00e9tn\u00ed nejobl\u00edben\u011bj\u0161\u00ed obr\u00e1zek asi nem\u00e1m. M\u00e1m r\u00e1d svoje fotky z Cape Epicu, to proto, \u017ee s nimi m\u00e1m spojen\u00e9 v\u017edy n\u011bjak\u00e9 z\u00e1\u017eitky a ty africk\u00e9 jsou prost\u011b hlubok\u00e9. <\/em><\/p>\n<p> <strong>5) Co jsi vyfotil nejkuri\u00f3zn\u011bj\u0161\u00edho, nejveselej\u0161\u00edho, nejsmutn\u011bj\u0161\u00edho? M\u016f\u017ee\u0161 pros\u00edm fotky p\u0159edstavit? <\/strong><\/p>\n<p><em> Kuri\u00f3zn\u00ed a ob\u010das tak\u00e9 smutn\u00e9 jsou p\u00e1dy, to v p\u0159\u00edpad\u011b, \u017ee dojde k n\u011bjak\u00e9mu zran\u011bn\u00ed. Nem\u00e1m ale tyhle situace moc r\u00e1d. <\/em><\/p>\n<p> <strong>6) Jako fotograf jsi absolvoval australsk\u00fd extr\u00e9mn\u00ed etapov\u00fd z\u00e1vod horsk\u00fdch kol Crocodile Trophy. D\u00e1 se tento z\u00e1vod n\u011bjak srovnat se z\u00e1vodem Cape Epic? <\/strong><\/p>\n<p><em> Tyhle dva z\u00e1vody se moc srovnat nedaj\u00ed. Snad jen extr\u00e9mn\u00edmi podm\u00ednkami a extr\u00e9mn\u00edmi v\u00fdkony, kter\u00e9 tam \u00fa\u010dastn\u00edci mus\u00ed pod\u00e1vat. Cape Epic je nejlep\u0161\u00ed maratonsk\u00fd z\u00e1vod na sv\u011bt\u011b. T\u00fdden se tam po Africe hon\u00ed sv\u011btov\u00e1 elita a stovky hob\u00edk\u016f. By\u0165 se sp\u00ed ve stanech, z\u00e1zem\u00ed a ve\u0161ker\u00fd servis je exkluzivn\u00ed a i oby\u010dejn\u00fd z\u00e1vodn\u00edk se star\u00e1 jen o \u0159\u00edd\u00edtka a ped\u00e1ly. Crocodile Trophy je v\u011bt\u0161\u00ed dobrodru\u017estv\u00ed. Z\u00e1vodu se \u00fa\u010dastn\u00ed jen stovka lid\u00ed, z\u00e1vod\u00ed se sp\u00ed\u0161e silni\u010dn\u00edm stylem v dlouh\u00fdch rovinat\u011bj\u0161\u00edch etap\u00e1ch s nep\u0159\u00edjemn\u00fdmi roletami a p\u00edskem. Mus\u00edte se tam o sebe v\u00edce starat, p\u0159i koup\u00e1n\u00ed po etap\u011b d\u00e1vat pozor na krokod\u00fdla a p\u0159i cest\u011b na z\u00e1chod na smrteln\u011b jedovat\u00e9 hady&#8230; <\/em><\/p>\n<p> <strong> 7) Co pro Tebe znamen\u00e1 fotit handicapovan\u00e9 sportovce?<\/strong><\/p>\n<p><em> Je to jin\u00e1 dimenze sportu. Nev\u00edm moc dob\u0159e, jak to popsat, ale sport handicapovan\u00fdch m\u00e1 pro m\u011b daleko v\u011bt\u0161\u00ed n\u00e1boj. Z\u00e1vody sv\u011btov\u00e9ho poh\u00e1ru horsk\u00fdch kol jsou par\u00e1dn\u00ed pod\u00edvan\u00e1, v\u00fdkony jsou \u00fa\u017easn\u00e9, ale od t\u011bch lid\u00ed to tak n\u011bjak \u010dek\u00e1te. Potom p\u0159\u00edjdete na n\u011bjak\u00fd klidn\u011b i men\u0161\u00ed z\u00e1vod hendikepovan\u00fdch a z\u016fstanete doslova \u010dum\u011bt. Jsou to neuv\u011b\u0159iteln\u00e9 v\u00fdkony. A\u017e to n\u011bkdy p\u0159est\u00e1v\u00e1m ch\u00e1pat. Je tam daleko v\u00edce vid\u011bt to \u00fasil\u00ed, snaha a emoce. <\/em><\/p>\n<p> <strong> 8) Jak\u00fd pou\u017e\u00edv\u00e1\u0161 fotoapar\u00e1t a objektiv?<\/strong><\/p>\n<p><em> Pou\u017e\u00edval jsem fotoapar\u00e1ty Nikon, v sou\u010dasn\u00e9 dob\u011b ale fot\u00edm na Canon. M\u00fdm nejpou\u017e\u00edvan\u011bj\u0161\u00edm sklem je teleobjektiv 70-200\/2.8 a obl\u00edbil jsem si tak\u00e9 ryb\u00ed oko s ohniskem 15mm a pevn\u00fd teleobjektiv 300. (To hlavn\u011b kdy\u017e jsem m\u011bl zlomen\u00e9 z\u00e1p\u011bst\u00ed a nemohl pou\u017e\u00edvat zoom&#8230; \ud83d\ude42 ) <\/em><\/p>\n<p> <strong> 9) D\u00e1 se s fotkou z mobilu vyhr\u00e1t World Press Foto :-)?<\/strong><\/p>\n<p><em> J\u00e1 mysl\u00edm, \u017ee i jo. Tyhle sout\u011b\u017ee jsou podle m\u00e9ho n\u00e1zoru dost nevyzpytateln\u00e9. \u0160pi\u010dkov\u00e9 fotky n\u011bkdy z\u016fstanou bez pov\u0161imnut\u00ed a porota naopak ocen\u00ed rozmazan\u00fd nesmysl, ide\u00e1ln\u011b jen \u010dernob\u00edl\u00fd, kter\u00fd jak z mobilu opravdu vypad\u00e1. <\/em><\/p>\n<p> <strong> 10) V z\u00e1\u0159\u00ed bude\u0161 doprov\u00e1zet reprezenta\u010dn\u00ed t\u00fdm t\u011blesn\u011b a zrakov\u011b handicapovan\u00fdch cyklist\u016f na silni\u010dn\u00ed mistrovstv\u00ed sv\u011bta. V pl\u00e1nu je sestavit z Tv\u00fdch fotografi\u00ed vernis\u00e1\u017e, kter\u00e1 bude postupn\u011b vystavov\u00e1na na r\u016fzn\u00fdch m\u00edstech \u010cesk\u00e9 republiky a propagovat, p\u0159ibli\u017eovat i informovat o v\u00fdkonnostn\u00edm sportu handicapovan\u00fdch. Co \u0159\u00edk\u00e1\u0161 t\u00e9to my\u0161lence? <\/strong><\/p>\n<p><em> P\u0159i\u0161el s n\u00ed Viktor Zapletal a mysl\u00edm, \u017ee je skv\u011bl\u00e1. Je pot\u0159eba, aby byl sport hendikepovan\u00fdch vid\u011bt a douf\u00e1m, \u017ee se poda\u0159\u00ed vytvo\u0159it n\u011bco, co nech\u00e1 v div\u00e1kovi n\u011bjak\u00fd dojem. O to p\u0159ece jde. <\/em><\/p>\n<p> <img decoding=\"async\" src=\"\/wordpress\/image\/k_clankum\/zprava_13536\/caths-rozhovor-capeepic1.jpg\"><\/p>\n<p> <img decoding=\"async\" src=\"\/wordpress\/image\/k_clankum\/zprava_13536\/caths-rozhovor-capeepic2.jpg\"><\/p>\n<p> <img decoding=\"async\" src=\"\/wordpress\/image\/k_clankum\/zprava_13536\/caths-rozhovor-capeepic3.jpg\"><\/p>\n<p> <img decoding=\"async\" src=\"\/wordpress\/image\/k_clankum\/zprava_13536\/caths-rozhovor-capeepic4.jpg\"><\/p>\n<p> <img decoding=\"async\" src=\"\/wordpress\/image\/k_clankum\/zprava_13536\/caths-rozhovor-capeepic5.jpg\"><\/p>\n<p> <img decoding=\"async\" src=\"\/wordpress\/image\/k_clankum\/zprava_13536\/caths-rozhovor-capeepic6.jpg\"><\/p>\n<p> <img decoding=\"async\" src=\"\/wordpress\/image\/k_clankum\/zprava_13536\/caths-rozhovor-hendikepovani1.jpg\"><\/p>\n<p> <img decoding=\"async\" src=\"\/wordpress\/image\/k_clankum\/zprava_13536\/caths-rozhovor-hendikepovani2.jpg\"><\/p>\n<p> <img decoding=\"async\" src=\"\/wordpress\/image\/k_clankum\/zprava_13536\/caths-rozhovor-hendikepovani3.jpg\"><\/p>\n<p> <img decoding=\"async\" src=\"\/wordpress\/image\/k_clankum\/zprava_13536\/caths-rozhovor-kuriozita.jpg\"><\/p>\n<p> <img decoding=\"async\" src=\"\/wordpress\/image\/k_clankum\/zprava_13536\/caths-rozhovor-kuriozita2.jpg\"><\/p>\n<p> <img decoding=\"async\" src=\"\/wordpress\/image\/k_clankum\/zprava_13536\/caths-rozhovor-michal-cerveny.jpg\"><\/p>\n<p> <img decoding=\"async\" src=\"\/wordpress\/image\/k_clankum\/zprava_13536\/caths-rozhovor-michal-cerveny2.jpg\"><\/p>\n<p> <img decoding=\"async\" src=\"\/wordpress\/image\/k_clankum\/zprava_13536\/caths-rozhovor-vyber1.jpg\"><\/p>\n<p> <img decoding=\"async\" src=\"\/wordpress\/image\/k_clankum\/zprava_13536\/caths-rozhovor-vyber2.jpg\"><\/p>\n<p> <img decoding=\"async\" src=\"\/wordpress\/image\/k_clankum\/zprava_13536\/caths-rozhovor-vyber3.jpg\"><\/p>\n","protected":false},"excerpt":{"rendered":"<a href=\"https:\/\/www.caths.cz\/wordpress\/velky-prazdninovy-rozhovor-s-fotografem-michalem-cervenym\/\"><img loading=\"lazy\" decoding=\"async\" width=\"100\" height=\"100\" src=\"https:\/\/www.caths.cz\/wordpress\/wp-content\/plugins\/thumbnail-for-excerpts\/tfe_no_thumb.png\" class=\"alignleft wp-post-image tfe\" alt=\"\" title=\"\" \/><\/a><p>Vrcholov\u00fd sport m\u00e1 sv\u00e9 hv\u011bzdy. Mezi n\u011b nepat\u0159\u00ed pouze sportovci, ale i cel\u00e1 \u0159ada dal\u0161\u00edch profes\u00ed &#8211; tren\u00e9\u0159i, mana\u017ee\u0159i, l\u00e9ka\u0159i, novin\u00e1\u0159i, filma\u0159i a tak\u00e9 fotografov\u00e9. Po\u017e\u00e1dali jsme o rozhovor fotografa [&hellip;]<\/p>\n","protected":false},"author":1,"featured_media":0,"comment_status":"closed","ping_status":"closed","sticky":false,"template":"","format":"standard","meta":{"ngg_post_thumbnail":0,"footnotes":""},"categories":[16],"tags":[],"class_list":["post-1950","post","type-post","status-publish","format-standard","hentry","category-rozhovory"],"_links":{"self":[{"href":"https:\/\/www.caths.cz\/wordpress\/wp-json\/wp\/v2\/posts\/1950","targetHints":{"allow":["GET"]}}],"collection":[{"href":"https:\/\/www.caths.cz\/wordpress\/wp-json\/wp\/v2\/posts"}],"about":[{"href":"https:\/\/www.caths.cz\/wordpress\/wp-json\/wp\/v2\/types\/post"}],"author":[{"embeddable":true,"href":"https:\/\/www.caths.cz\/wordpress\/wp-json\/wp\/v2\/users\/1"}],"replies":[{"embeddable":true,"href":"https:\/\/www.caths.cz\/wordpress\/wp-json\/wp\/v2\/comments?post=1950"}],"version-history":[{"count":0,"href":"https:\/\/www.caths.cz\/wordpress\/wp-json\/wp\/v2\/posts\/1950\/revisions"}],"wp:attachment":[{"href":"https:\/\/www.caths.cz\/wordpress\/wp-json\/wp\/v2\/media?parent=1950"}],"wp:term":[{"taxonomy":"category","embeddable":true,"href":"https:\/\/www.caths.cz\/wordpress\/wp-json\/wp\/v2\/categories?post=1950"},{"taxonomy":"post_tag","embeddable":true,"href":"https:\/\/www.caths.cz\/wordpress\/wp-json\/wp\/v2\/tags?post=1950"}],"curies":[{"name":"wp","href":"https:\/\/api.w.org\/{rel}","templated":true}]}}