{"id":1948,"date":"2011-07-19T07:08:56","date_gmt":"2011-07-19T06:08:56","guid":{"rendered":"http:\/\/www.caths.cz\/wordpress\/?p=1948"},"modified":"2011-07-19T07:08:56","modified_gmt":"2011-07-19T06:08:56","slug":"ostravsky-chachar-mistrovstvi-cr-horskych-kol-handicapovanych-cyklistu-v-cross-country-uz-za-par-dni","status":"publish","type":"post","link":"https:\/\/www.caths.cz\/wordpress\/ostravsky-chachar-mistrovstvi-cr-horskych-kol-handicapovanych-cyklistu-v-cross-country-uz-za-par-dni\/","title":{"rendered":"Ostravsk\u00fd Chachar &#8211; Mistrovstv\u00ed \u010cR horsk\u00fdch kol handicapovan\u00fdch cyklist\u016f v cross country u\u017e za p\u00e1r dn\u00ed!"},"content":{"rendered":"<p align=\"justify\"> V\u00e1\u017een\u00ed sportovn\u00ed p\u0159\u00e1tel\u00e9, <br \/>srde\u010dn\u011b V\u00e1s zveme na 11. Ro\u010dn\u00edk mezin\u00e1rodn\u00edho dne cyklistiky v Ostrav\u011b &#8211; OSTRAVSK\u00dd CHACHAR 2011, kter\u00fd je z\u00e1rove\u0148 i otev\u0159en\u00fdm mistrovstv\u00edm \u010cesk\u00e9 republiky horsk\u00fdch kol handicapovan\u00fdch cyklist\u016f v cross country.<br \/> Vrcholem leto\u0161n\u00edho ro\u010dn\u00edku je z\u00e1vod MTB XCO pro kategorie ELITE mu\u017ei a \u017eeny za\u0159azen do prvn\u00ed kategorie UCI.<br \/> OSTRAVSK\u00dd CHACHAR 2011 je z\u00e1rove\u0148 fin\u00e1lov\u00fdm podnikem ST\u0158EDOEVROPSK\u00c9HO POH\u00c1RU &#8211; CENTRAL EUROPEAN CUP 2011.<br \/> Z\u00e1vody jsou vyps\u00e1ny i pro v\u0161echny d\u011btsk\u00e9 a ml\u00e1de\u017enick\u00e9 kategorie. <\/p>\n<p> Podrobnosti a aktu\u00e1ln\u00ed informace nejdete <a href=\"http:\/\/www.ostravskychachar.cz\" target=\"_blank\"> zde<\/a> <\/p>\n<p> T\u011b\u0161\u00edme se na Va\u0161i \u00fa\u010dast<br \/> Po\u0159adatelsk\u00fd t\u00fdm <br \/> MAX CURSOR a BIKE 2000<\/p>\n<p> <img decoding=\"async\" src=\"\/wordpress\/image\/k_clankum\/chachar.jpg\"><\/p>\n","protected":false},"excerpt":{"rendered":"<a href=\"https:\/\/www.caths.cz\/wordpress\/ostravsky-chachar-mistrovstvi-cr-horskych-kol-handicapovanych-cyklistu-v-cross-country-uz-za-par-dni\/\"><img loading=\"lazy\" decoding=\"async\" width=\"100\" height=\"100\" src=\"https:\/\/www.caths.cz\/wordpress\/wp-content\/plugins\/thumbnail-for-excerpts\/tfe_no_thumb.png\" class=\"alignleft wp-post-image tfe\" alt=\"\" title=\"\" \/><\/a><p>V\u00e1\u017een\u00ed sportovn\u00ed p\u0159\u00e1tel\u00e9, srde\u010dn\u011b V\u00e1s zveme na 11. Ro\u010dn\u00edk mezin\u00e1rodn\u00edho dne cyklistiky v Ostrav\u011b &#8211; OSTRAVSK\u00dd CHACHAR 2011, kter\u00fd je z\u00e1rove\u0148 i otev\u0159en\u00fdm mistrovstv\u00edm \u010cesk\u00e9 republiky horsk\u00fdch kol handicapovan\u00fdch cyklist\u016f [&hellip;]<\/p>\n","protected":false},"author":1,"featured_media":0,"comment_status":"closed","ping_status":"closed","sticky":false,"template":"","format":"standard","meta":{"ngg_post_thumbnail":0,"footnotes":""},"categories":[40],"tags":[],"class_list":["post-1948","post","type-post","status-publish","format-standard","hentry","category-pojed-s-nami"],"_links":{"self":[{"href":"https:\/\/www.caths.cz\/wordpress\/wp-json\/wp\/v2\/posts\/1948","targetHints":{"allow":["GET"]}}],"collection":[{"href":"https:\/\/www.caths.cz\/wordpress\/wp-json\/wp\/v2\/posts"}],"about":[{"href":"https:\/\/www.caths.cz\/wordpress\/wp-json\/wp\/v2\/types\/post"}],"author":[{"embeddable":true,"href":"https:\/\/www.caths.cz\/wordpress\/wp-json\/wp\/v2\/users\/1"}],"replies":[{"embeddable":true,"href":"https:\/\/www.caths.cz\/wordpress\/wp-json\/wp\/v2\/comments?post=1948"}],"version-history":[{"count":0,"href":"https:\/\/www.caths.cz\/wordpress\/wp-json\/wp\/v2\/posts\/1948\/revisions"}],"wp:attachment":[{"href":"https:\/\/www.caths.cz\/wordpress\/wp-json\/wp\/v2\/media?parent=1948"}],"wp:term":[{"taxonomy":"category","embeddable":true,"href":"https:\/\/www.caths.cz\/wordpress\/wp-json\/wp\/v2\/categories?post=1948"},{"taxonomy":"post_tag","embeddable":true,"href":"https:\/\/www.caths.cz\/wordpress\/wp-json\/wp\/v2\/tags?post=1948"}],"curies":[{"name":"wp","href":"https:\/\/api.w.org\/{rel}","templated":true}]}}