{"id":1947,"date":"2011-07-18T06:22:39","date_gmt":"2011-07-18T05:22:39","guid":{"rendered":"http:\/\/www.caths.cz\/wordpress\/?p=1947"},"modified":"2011-07-18T06:22:39","modified_gmt":"2011-07-18T05:22:39","slug":"honza-tomanek-dvakrat-prvni-na-slovensku","status":"publish","type":"post","link":"https:\/\/www.caths.cz\/wordpress\/honza-tomanek-dvakrat-prvni-na-slovensku\/","title":{"rendered":"Honza Tom\u00e1nek dvakr\u00e1t prvn\u00ed na Slovensku"},"content":{"rendered":"<p align=\"justify\">\nNa\u0161e sou\u010dasn\u00e1 handbikov\u00e1 jedni\u010dka Jan Tom\u00e1nek potvrdil opr\u00e1vn\u011bnost nominace na MS v D\u00e1nsku, kdy\u017e zv\u00edt\u011bzil v silni\u010dn\u00edm z\u00e1vod\u011b i \u010dasovce ve Vr\u00e1tn\u00e9, kde se jel dal\u0161\u00ed podnik Evropsk\u00e9ho poh\u00e1ru cyklist\u016f.<\/p>\n<p align=\"justify\"> Velmi dob\u0159e si vedl i reprezenta\u010dn\u00ed tandem, Ji\u0159\u00ed Chyba \u2013 Marek Moflar, kte\u0159\u00ed ve velmi siln\u00e9 konkurenci obsadili v\u00fdborn\u00e9 druh\u00e9 m\u00edsto v \u010dasovce. <\/p>\n<p> <img decoding=\"async\" src=\"\/wordpress\/image\/k_clankum\/tommy.jpg\"><\/p>\n","protected":false},"excerpt":{"rendered":"<a href=\"https:\/\/www.caths.cz\/wordpress\/honza-tomanek-dvakrat-prvni-na-slovensku\/\"><img loading=\"lazy\" decoding=\"async\" width=\"100\" height=\"100\" src=\"https:\/\/www.caths.cz\/wordpress\/wp-content\/plugins\/thumbnail-for-excerpts\/tfe_no_thumb.png\" class=\"alignleft wp-post-image tfe\" alt=\"\" title=\"\" \/><\/a><p>Na\u0161e sou\u010dasn\u00e1 handbikov\u00e1 jedni\u010dka Jan Tom\u00e1nek potvrdil opr\u00e1vn\u011bnost nominace na MS v D\u00e1nsku, kdy\u017e zv\u00edt\u011bzil v silni\u010dn\u00edm z\u00e1vod\u011b i \u010dasovce ve Vr\u00e1tn\u00e9, kde se jel dal\u0161\u00ed podnik Evropsk\u00e9ho poh\u00e1ru cyklist\u016f. [&hellip;]<\/p>\n","protected":false},"author":1,"featured_media":0,"comment_status":"closed","ping_status":"closed","sticky":false,"template":"","format":"standard","meta":{"ngg_post_thumbnail":0,"footnotes":""},"categories":[9],"tags":[],"class_list":["post-1947","post","type-post","status-publish","format-standard","hentry","category-handbike"],"_links":{"self":[{"href":"https:\/\/www.caths.cz\/wordpress\/wp-json\/wp\/v2\/posts\/1947","targetHints":{"allow":["GET"]}}],"collection":[{"href":"https:\/\/www.caths.cz\/wordpress\/wp-json\/wp\/v2\/posts"}],"about":[{"href":"https:\/\/www.caths.cz\/wordpress\/wp-json\/wp\/v2\/types\/post"}],"author":[{"embeddable":true,"href":"https:\/\/www.caths.cz\/wordpress\/wp-json\/wp\/v2\/users\/1"}],"replies":[{"embeddable":true,"href":"https:\/\/www.caths.cz\/wordpress\/wp-json\/wp\/v2\/comments?post=1947"}],"version-history":[{"count":0,"href":"https:\/\/www.caths.cz\/wordpress\/wp-json\/wp\/v2\/posts\/1947\/revisions"}],"wp:attachment":[{"href":"https:\/\/www.caths.cz\/wordpress\/wp-json\/wp\/v2\/media?parent=1947"}],"wp:term":[{"taxonomy":"category","embeddable":true,"href":"https:\/\/www.caths.cz\/wordpress\/wp-json\/wp\/v2\/categories?post=1947"},{"taxonomy":"post_tag","embeddable":true,"href":"https:\/\/www.caths.cz\/wordpress\/wp-json\/wp\/v2\/tags?post=1947"}],"curies":[{"name":"wp","href":"https:\/\/api.w.org\/{rel}","templated":true}]}}