{"id":1941,"date":"2011-07-13T09:11:01","date_gmt":"2011-07-13T08:11:01","guid":{"rendered":"http:\/\/www.caths.cz\/wordpress\/?p=1941"},"modified":"2011-07-13T09:11:01","modified_gmt":"2011-07-13T08:11:01","slug":"vikendove-soustredeni-proverilo-hanbikery-pred-mcr","status":"publish","type":"post","link":"https:\/\/www.caths.cz\/wordpress\/vikendove-soustredeni-proverilo-hanbikery-pred-mcr\/","title":{"rendered":"V\u00edkendov\u00e9 soust\u0159ed\u011bn\u00ed prov\u011b\u0159ilo hanbikery p\u0159ed M\u010cR"},"content":{"rendered":"<p align=\"justify\">\nO v\u00edkendu se konalo soust\u0159ed\u011bn\u00ed handbiker\u016f na ji\u017en\u00ed Morav\u011b v Lan\u017ehot\u011b u B\u0159eclavi. P\u016fvodn\u011b se m\u011blo soust\u0159ed\u011bn\u00ed z\u00fa\u010dastnit 15 handbiker\u016f, ale bohu\u017eel n\u011bkter\u00e9 schv\u00e1tili zdravotn\u00ed probl\u00e9my,  ale i tak se soust\u0159edili v hojn\u00e9m po\u010dtu. Inici\u00e1torem cel\u00e9 akce byl Marcel Pipek.<\/p>\n<p align=\"justify\"> Po\u010das\u00ed p\u0159\u00e1lo, tak\u017ee se najely spousty kilometr\u016f v \u00fa\u017easn\u00e9m prost\u0159ed\u00ed ji\u017en\u00ed Moravy a ve\u010der v r\u00e1mci relaxace bylo dopln\u011bno plav\u00e1n\u00edm. <br \/> Handbike\u0159i si tak\u00e9 vyzkou\u0161eli tra\u0165 \u010dasovky, kter\u00e1 se pojede za 14 dn\u00ed jako Mistrovstv\u00ed \u010cR handicapovan\u00fdch cyklist\u016f. Podle v\u0161ech je to n\u00e1ro\u010dn\u00e1 tra\u0165, ale ka\u017ed\u00fd si v n\u00ed p\u0159ijde na sv\u00e9. <\/p>\n<p> <img decoding=\"async\" src=\"\/wordpress\/image\/k_clankum\/zprava_13461\/IMG_6017.JPG\"><\/p>\n<p> <img decoding=\"async\" src=\"\/wordpress\/image\/k_clankum\/zprava_13461\/IMG_6034.JPG\"><\/p>\n<p> <img decoding=\"async\" src=\"\/wordpress\/image\/k_clankum\/zprava_13461\/IMG_6045.JPG\"><\/p>\n<p> <img decoding=\"async\" src=\"\/wordpress\/image\/k_clankum\/zprava_13461\/IMG_6074.JPG\"><\/p>\n<p> <img decoding=\"async\" src=\"\/wordpress\/image\/k_clankum\/zprava_13461\/IMG_6081.JPG\"><\/p>\n<p> <img decoding=\"async\" src=\"\/wordpress\/image\/k_clankum\/zprava_13461\/IMG_6111.JPG\"><\/p>\n<p> <img decoding=\"async\" src=\"\/wordpress\/image\/k_clankum\/zprava_13461\/IMG_6134.JPG\"><\/p>\n<p> <img decoding=\"async\" src=\"\/wordpress\/image\/k_clankum\/zprava_13461\/IMG_6135.JPG\"><\/p>\n<p> <img decoding=\"async\" src=\"\/wordpress\/image\/k_clankum\/zprava_13461\/IMG_6200.JPG\"><\/p>\n","protected":false},"excerpt":{"rendered":"<a href=\"https:\/\/www.caths.cz\/wordpress\/vikendove-soustredeni-proverilo-hanbikery-pred-mcr\/\"><img loading=\"lazy\" decoding=\"async\" width=\"100\" height=\"100\" src=\"https:\/\/www.caths.cz\/wordpress\/wp-content\/plugins\/thumbnail-for-excerpts\/tfe_no_thumb.png\" class=\"alignleft wp-post-image tfe\" alt=\"\" title=\"\" \/><\/a><p>O v\u00edkendu se konalo soust\u0159ed\u011bn\u00ed handbiker\u016f na ji\u017en\u00ed Morav\u011b v Lan\u017ehot\u011b u B\u0159eclavi. P\u016fvodn\u011b se m\u011blo soust\u0159ed\u011bn\u00ed z\u00fa\u010dastnit 15 handbiker\u016f, ale bohu\u017eel n\u011bkter\u00e9 schv\u00e1tili zdravotn\u00ed probl\u00e9my, ale i tak se [&hellip;]<\/p>\n","protected":false},"author":1,"featured_media":0,"comment_status":"closed","ping_status":"closed","sticky":false,"template":"","format":"standard","meta":{"ngg_post_thumbnail":0,"footnotes":""},"categories":[9],"tags":[],"class_list":["post-1941","post","type-post","status-publish","format-standard","hentry","category-handbike"],"_links":{"self":[{"href":"https:\/\/www.caths.cz\/wordpress\/wp-json\/wp\/v2\/posts\/1941","targetHints":{"allow":["GET"]}}],"collection":[{"href":"https:\/\/www.caths.cz\/wordpress\/wp-json\/wp\/v2\/posts"}],"about":[{"href":"https:\/\/www.caths.cz\/wordpress\/wp-json\/wp\/v2\/types\/post"}],"author":[{"embeddable":true,"href":"https:\/\/www.caths.cz\/wordpress\/wp-json\/wp\/v2\/users\/1"}],"replies":[{"embeddable":true,"href":"https:\/\/www.caths.cz\/wordpress\/wp-json\/wp\/v2\/comments?post=1941"}],"version-history":[{"count":0,"href":"https:\/\/www.caths.cz\/wordpress\/wp-json\/wp\/v2\/posts\/1941\/revisions"}],"wp:attachment":[{"href":"https:\/\/www.caths.cz\/wordpress\/wp-json\/wp\/v2\/media?parent=1941"}],"wp:term":[{"taxonomy":"category","embeddable":true,"href":"https:\/\/www.caths.cz\/wordpress\/wp-json\/wp\/v2\/categories?post=1941"},{"taxonomy":"post_tag","embeddable":true,"href":"https:\/\/www.caths.cz\/wordpress\/wp-json\/wp\/v2\/tags?post=1941"}],"curies":[{"name":"wp","href":"https:\/\/api.w.org\/{rel}","templated":true}]}}