{"id":1940,"date":"2011-07-12T09:20:39","date_gmt":"2011-07-12T08:20:39","guid":{"rendered":"http:\/\/www.caths.cz\/wordpress\/?p=1940"},"modified":"2011-07-12T09:20:39","modified_gmt":"2011-07-12T08:20:39","slug":"handbikerum-konci-nominacni-obdobi-pro-ms-v-dansku","status":"publish","type":"post","link":"https:\/\/www.caths.cz\/wordpress\/handbikerum-konci-nominacni-obdobi-pro-ms-v-dansku\/","title":{"rendered":"Handbiker\u016fm kon\u010d\u00ed nomina\u010dn\u00ed obdob\u00ed pro MS v D\u00e1nsku"},"content":{"rendered":"<p align=\"justify\"> A\u017e doposud platila pravidla sekce cyklistiky a handbike, \u017ee ka\u017ed\u00fd handbiker, kter\u00fd se um\u00edst\u00ed v z\u00e1vod\u011b EP \u010di SP do 8. m\u00edsta v prvn\u00ed polovin\u011b startovn\u00edho pole, bude m\u00edt proplacen\u00e9 n\u00e1klady spojen\u00e9 s \u00fa\u010dast\u00ed na z\u00e1vodech. <br \/> Dne\u0161n\u00edm dnem toto kon\u010d\u00ed, od t\u00e9to chv\u00edle budou z\u00e1vodn\u00edci s odpov\u00eddaj\u00edc\u00ed v\u00fdkonnost\u00ed nominov\u00e1ni k reprezenta\u010dn\u00edm start\u016fm a budou se na n\u011b vztahovat stejn\u00e1 pr\u00e1va a povinnosti, jako na jejich kolegy z\u00e1vod\u00edc\u00ed v kategori\u00edch C a na tandemu.<\/p>\n<p><img decoding=\"async\" src=\"\/wordpress\/image\/k_clankum\/tomanek_nominace.jpg\" ALIGN=\"right\" HSPACE=5 VSPACE=5\"> Reprezenta\u010dn\u00ed tren\u00e9r Viktor Zapletal m\u00e1 jasno v ot\u00e1zce nominac\u00ed pro MS v D\u00e1nsku. Reprezenta\u010dn\u00ed pozv\u00e1nku do D\u00e1nska obdr\u017e\u00ed Jan Tom\u00e1nek, kter\u00fd tak\u00e9 odcestuje s reprezenta\u010dn\u00edm t\u00fdmem k z\u00e1vod\u016fm Evropsk\u00e9ho poh\u00e1ru na Slovensko. <br \/> V \u0161ir\u0161\u00ed nominaci pro MS pak jsou Stanislav B\u00edza a V\u00e1clav Antal. Ti v\u0161ak budou muset je\u0161t\u011b opr\u00e1vn\u011bnost nominace na MS potvrdit um\u00edst\u011bn\u00edm a p\u0159edev\u0161\u00edm v\u00fdkonem na EP ve Vr\u00e1tn\u00e9 a d\u00e1le na M\u010cR v Hustope\u010d\u00edch. <\/p>\n","protected":false},"excerpt":{"rendered":"<a href=\"https:\/\/www.caths.cz\/wordpress\/handbikerum-konci-nominacni-obdobi-pro-ms-v-dansku\/\"><img loading=\"lazy\" decoding=\"async\" width=\"100\" height=\"100\" src=\"https:\/\/www.caths.cz\/wordpress\/wp-content\/plugins\/thumbnail-for-excerpts\/tfe_no_thumb.png\" class=\"alignleft wp-post-image tfe\" alt=\"\" title=\"\" \/><\/a><p>A\u017e doposud platila pravidla sekce cyklistiky a handbike, \u017ee ka\u017ed\u00fd handbiker, kter\u00fd se um\u00edst\u00ed v z\u00e1vod\u011b EP \u010di SP do 8. m\u00edsta v prvn\u00ed polovin\u011b startovn\u00edho pole, bude m\u00edt proplacen\u00e9 [&hellip;]<\/p>\n","protected":false},"author":1,"featured_media":0,"comment_status":"closed","ping_status":"closed","sticky":false,"template":"","format":"standard","meta":{"ngg_post_thumbnail":0,"footnotes":""},"categories":[9],"tags":[],"class_list":["post-1940","post","type-post","status-publish","format-standard","hentry","category-handbike"],"_links":{"self":[{"href":"https:\/\/www.caths.cz\/wordpress\/wp-json\/wp\/v2\/posts\/1940","targetHints":{"allow":["GET"]}}],"collection":[{"href":"https:\/\/www.caths.cz\/wordpress\/wp-json\/wp\/v2\/posts"}],"about":[{"href":"https:\/\/www.caths.cz\/wordpress\/wp-json\/wp\/v2\/types\/post"}],"author":[{"embeddable":true,"href":"https:\/\/www.caths.cz\/wordpress\/wp-json\/wp\/v2\/users\/1"}],"replies":[{"embeddable":true,"href":"https:\/\/www.caths.cz\/wordpress\/wp-json\/wp\/v2\/comments?post=1940"}],"version-history":[{"count":0,"href":"https:\/\/www.caths.cz\/wordpress\/wp-json\/wp\/v2\/posts\/1940\/revisions"}],"wp:attachment":[{"href":"https:\/\/www.caths.cz\/wordpress\/wp-json\/wp\/v2\/media?parent=1940"}],"wp:term":[{"taxonomy":"category","embeddable":true,"href":"https:\/\/www.caths.cz\/wordpress\/wp-json\/wp\/v2\/categories?post=1940"},{"taxonomy":"post_tag","embeddable":true,"href":"https:\/\/www.caths.cz\/wordpress\/wp-json\/wp\/v2\/tags?post=1940"}],"curies":[{"name":"wp","href":"https:\/\/api.w.org\/{rel}","templated":true}]}}