{"id":1939,"date":"2011-07-11T08:17:02","date_gmt":"2011-07-11T07:17:02","guid":{"rendered":"http:\/\/www.caths.cz\/wordpress\/?p=1939"},"modified":"2011-07-11T08:17:02","modified_gmt":"2011-07-11T07:17:02","slug":"historicky-uspech-ceske-cyklistiky-jiri-jezek-celkovym-vitezem-svetoveho-poharu","status":"publish","type":"post","link":"https:\/\/www.caths.cz\/wordpress\/historicky-uspech-ceske-cyklistiky-jiri-jezek-celkovym-vitezem-svetoveho-poharu\/","title":{"rendered":"Historick\u00fd \u00fasp\u011bch \u010desk\u00e9 cyklistiky &#8211; Ji\u0159\u00ed Je\u017eek celkov\u00fdm v\u00edt\u011bzem sv\u011btov\u00e9ho poh\u00e1ru!"},"content":{"rendered":"<p align=\"justify\">Historick\u00fd \u00fasp\u011bch \u010desk\u00e9 cyklistiky handicapovan\u00fdch p\u0159iv\u00e1\u017e\u00ed z kanadsk\u00e9ho Baie Comeau \u010desk\u00e1 reprezentace t\u011blesn\u011b handicapovan\u00fdch cyklist\u016f.<br \/>\nPo  p\u00e1te\u010dn\u00edm v\u00edt\u011bzstv\u00ed v \u010dasovce, dok\u00e1zal p\u011btin\u00e1sobn\u00fd paralympijsk\u00fd v\u00edt\u011bz a \u0161estin\u00e1sobn\u00fd mistr sv\u011bta Ji\u0159\u00ed Je\u017eek zv\u00edt\u011bzit i v silni\u010dn\u00edm z\u00e1vod\u011b a stal se tak celkov\u00fdm v\u00edt\u011bzem sv\u011btov\u00e9ho poh\u00e1ru pro rok 2011!<\/p>\n<p align=\"justify\">\u00dasp\u011bch \u010desk\u00e9 v\u00fdpravy doplnila Tereza Diepoldov\u00e1, kter\u00e1 v celkov\u00e9m hodnocen\u00ed sv\u011btov\u00e9ho poh\u00e1ru obsadila t\u0159et\u00ed m\u00edsto, co\u017e je zat\u00edm nejv\u011bt\u0161\u00ed \u00fasp\u011bch \u010desk\u00e9 \u017eensk\u00e9 cyklistiky t\u011blesn\u011b handicapovan\u00fdch.<\/p>\n<p> <img decoding=\"async\" src=\"\/wordpress\/image\/sekretarky\/baie comeau2\/1.JPG\"><\/p>\n<p> <img decoding=\"async\" src=\"\/wordpress\/image\/sekretarky\/baie comeau2\/2.JPG\"><\/p>\n","protected":false},"excerpt":{"rendered":"<a href=\"https:\/\/www.caths.cz\/wordpress\/historicky-uspech-ceske-cyklistiky-jiri-jezek-celkovym-vitezem-svetoveho-poharu\/\"><img loading=\"lazy\" decoding=\"async\" width=\"100\" height=\"100\" src=\"https:\/\/www.caths.cz\/wordpress\/wp-content\/plugins\/thumbnail-for-excerpts\/tfe_no_thumb.png\" class=\"alignleft wp-post-image tfe\" alt=\"\" title=\"\" \/><\/a><p>Historick\u00fd \u00fasp\u011bch \u010desk\u00e9 cyklistiky handicapovan\u00fdch p\u0159iv\u00e1\u017e\u00ed z kanadsk\u00e9ho Baie Comeau \u010desk\u00e1 reprezentace t\u011blesn\u011b handicapovan\u00fdch cyklist\u016f. Po p\u00e1te\u010dn\u00edm v\u00edt\u011bzstv\u00ed v \u010dasovce, dok\u00e1zal p\u011btin\u00e1sobn\u00fd paralympijsk\u00fd v\u00edt\u011bz a \u0161estin\u00e1sobn\u00fd mistr sv\u011bta Ji\u0159\u00ed Je\u017eek [&hellip;]<\/p>\n","protected":false},"author":1,"featured_media":0,"comment_status":"closed","ping_status":"closed","sticky":false,"template":"","format":"standard","meta":{"ngg_post_thumbnail":0,"footnotes":""},"categories":[2],"tags":[],"class_list":["post-1939","post","type-post","status-publish","format-standard","hentry","category-cyklistika"],"_links":{"self":[{"href":"https:\/\/www.caths.cz\/wordpress\/wp-json\/wp\/v2\/posts\/1939","targetHints":{"allow":["GET"]}}],"collection":[{"href":"https:\/\/www.caths.cz\/wordpress\/wp-json\/wp\/v2\/posts"}],"about":[{"href":"https:\/\/www.caths.cz\/wordpress\/wp-json\/wp\/v2\/types\/post"}],"author":[{"embeddable":true,"href":"https:\/\/www.caths.cz\/wordpress\/wp-json\/wp\/v2\/users\/1"}],"replies":[{"embeddable":true,"href":"https:\/\/www.caths.cz\/wordpress\/wp-json\/wp\/v2\/comments?post=1939"}],"version-history":[{"count":0,"href":"https:\/\/www.caths.cz\/wordpress\/wp-json\/wp\/v2\/posts\/1939\/revisions"}],"wp:attachment":[{"href":"https:\/\/www.caths.cz\/wordpress\/wp-json\/wp\/v2\/media?parent=1939"}],"wp:term":[{"taxonomy":"category","embeddable":true,"href":"https:\/\/www.caths.cz\/wordpress\/wp-json\/wp\/v2\/categories?post=1939"},{"taxonomy":"post_tag","embeddable":true,"href":"https:\/\/www.caths.cz\/wordpress\/wp-json\/wp\/v2\/tags?post=1939"}],"curies":[{"name":"wp","href":"https:\/\/api.w.org\/{rel}","templated":true}]}}