{"id":1938,"date":"2011-07-10T11:45:52","date_gmt":"2011-07-10T10:45:52","guid":{"rendered":"http:\/\/www.caths.cz\/wordpress\/?p=1938"},"modified":"2011-07-10T11:45:52","modified_gmt":"2011-07-10T10:45:52","slug":"dnes-zacina-ms-v-lukostrelbe","status":"publish","type":"post","link":"https:\/\/www.caths.cz\/wordpress\/dnes-zacina-ms-v-lukostrelbe\/","title":{"rendered":"Dnes za\u010d\u00edn\u00e1 MS v lukost\u0159elb\u011b"},"content":{"rendered":"<p align=\"justify\">Slavnostn\u00ed ceremoni\u00e1l dnes zah\u00e1j\u00ed v italsk\u00e9m Tur\u00edn\u011b mistrovstv\u00ed sv\u011bta v lukost\u0159elb\u011b. V sobotu odjel do m\u00edsta kon\u00e1n\u00ed \u0161ampion\u00e1tu i cel\u00fd reprezenta\u010dn\u00ed t\u00fdm \u010cR ve slo\u017een\u00ed : Mirka \u010cern\u00e1, Lenka Kuncov\u00e1, Mark\u00e9ta Sidkov\u00e1, Zden\u011bk \u0160ebek, Ji\u0159\u00ed Klich, Petr Barto\u0161, Jaroslav Zelenka, David Drahon\u00ednsk\u00fd, V\u00e1clav Ko\u0161\u0165\u00e1l a Leo\u0161 Barto\u0161.<\/p>\n<p align=\"justify\">Organiz\u00e1to\u0159i se letos rozhodli za\u010dlenit m\u00edsta kon\u00e1n\u00ed sout\u011b\u017e\u00ed do p\u0159ekr\u00e1sn\u00fdch m\u00edst. Kvalifikace a eliminace se budou konat v z\u00e1meck\u00e9 zahrad\u011b Palazzina di Caccia di Stupinigi. Fin\u00e1le pak na hlavn\u00edm n\u00e1m\u011bst\u00ed Piazza Castello. <br \/> Program mistrovstv\u00ed se rozb\u011bhne v pond\u011bl\u00ed ofici\u00e1ln\u00edm tr\u00e9ninkem, v \u00fater\u00fd a ve st\u0159edu jsou na programu kvalifikace, eliminace prob\u011bhnou ve \u010dtvrtek a p\u00e1tek. V sobotu se konaj\u00ed sout\u011b\u017ee dru\u017estev a v ned\u011bli fin\u00e1le v\u0161ech kategori\u00ed.<br \/> O pr\u016fb\u011bhu \u0161ampion\u00e1tu V\u00e1s budeme informovat na na\u0161ich webov\u00fdch str\u00e1nk\u00e1ch www.caths.cz. <\/p>\n<p> Podrobnosti naleznete na ofici\u00e1ln\u00edm webu <a href=\"http:\/\/www.2011.to\/\" target=\"_blank\"> zde<\/a><\/p>\n<p> <img decoding=\"async\" src=\"\/wordpress\/image\/sekretarky\/torino\/1.jpg\"><\/p>\n<p> pal\u00e1cov\u00e1 zahrada, kde se budou konat kvalifikace a eliminace<\/p>\n<p> <img decoding=\"async\" src=\"\/wordpress\/image\/sekretarky\/torino\/2.jpg\"><\/p>\n<p> pl\u00e1nek m\u00edsta eliminac\u00ed<\/p>\n<p> <img decoding=\"async\" src=\"\/wordpress\/image\/sekretarky\/torino\/3.jpg\"><\/p>\n<p> n\u00e1m\u011bst\u00ed Piazza Castello<\/p>\n<p> <img decoding=\"async\" src=\"\/wordpress\/image\/sekretarky\/torino\/4.jpg\"><\/p>\n<p> fin\u00e1lov\u00e9 kolbi\u0161t\u011b<\/p>\n","protected":false},"excerpt":{"rendered":"<a href=\"https:\/\/www.caths.cz\/wordpress\/dnes-zacina-ms-v-lukostrelbe\/\"><img loading=\"lazy\" decoding=\"async\" width=\"100\" height=\"100\" src=\"https:\/\/www.caths.cz\/wordpress\/wp-content\/plugins\/thumbnail-for-excerpts\/tfe_no_thumb.png\" class=\"alignleft wp-post-image tfe\" alt=\"\" title=\"\" \/><\/a><p>Slavnostn\u00ed ceremoni\u00e1l dnes zah\u00e1j\u00ed v italsk\u00e9m Tur\u00edn\u011b mistrovstv\u00ed sv\u011bta v lukost\u0159elb\u011b. V sobotu odjel do m\u00edsta kon\u00e1n\u00ed \u0161ampion\u00e1tu i cel\u00fd reprezenta\u010dn\u00ed t\u00fdm \u010cR ve slo\u017een\u00ed : Mirka \u010cern\u00e1, Lenka Kuncov\u00e1, [&hellip;]<\/p>\n","protected":false},"author":1,"featured_media":0,"comment_status":"closed","ping_status":"closed","sticky":false,"template":"","format":"standard","meta":{"ngg_post_thumbnail":0,"footnotes":""},"categories":[13],"tags":[],"class_list":["post-1938","post","type-post","status-publish","format-standard","hentry","category-lukostrelba"],"_links":{"self":[{"href":"https:\/\/www.caths.cz\/wordpress\/wp-json\/wp\/v2\/posts\/1938","targetHints":{"allow":["GET"]}}],"collection":[{"href":"https:\/\/www.caths.cz\/wordpress\/wp-json\/wp\/v2\/posts"}],"about":[{"href":"https:\/\/www.caths.cz\/wordpress\/wp-json\/wp\/v2\/types\/post"}],"author":[{"embeddable":true,"href":"https:\/\/www.caths.cz\/wordpress\/wp-json\/wp\/v2\/users\/1"}],"replies":[{"embeddable":true,"href":"https:\/\/www.caths.cz\/wordpress\/wp-json\/wp\/v2\/comments?post=1938"}],"version-history":[{"count":0,"href":"https:\/\/www.caths.cz\/wordpress\/wp-json\/wp\/v2\/posts\/1938\/revisions"}],"wp:attachment":[{"href":"https:\/\/www.caths.cz\/wordpress\/wp-json\/wp\/v2\/media?parent=1938"}],"wp:term":[{"taxonomy":"category","embeddable":true,"href":"https:\/\/www.caths.cz\/wordpress\/wp-json\/wp\/v2\/categories?post=1938"},{"taxonomy":"post_tag","embeddable":true,"href":"https:\/\/www.caths.cz\/wordpress\/wp-json\/wp\/v2\/tags?post=1938"}],"curies":[{"name":"wp","href":"https:\/\/api.w.org\/{rel}","templated":true}]}}