{"id":1930,"date":"2011-07-04T08:58:45","date_gmt":"2011-07-04T07:58:45","guid":{"rendered":"http:\/\/www.caths.cz\/wordpress\/?p=1930"},"modified":"2011-07-04T08:58:45","modified_gmt":"2011-07-04T07:58:45","slug":"cyklistu-je-moc-a-tak-musi-do-kanady","status":"publish","type":"post","link":"https:\/\/www.caths.cz\/wordpress\/cyklistu-je-moc-a-tak-musi-do-kanady\/","title":{"rendered":"Cyklist\u016f je moc a tak mus\u00ed do Kanady"},"content":{"rendered":"<p align=\"justify\">\n\u201eM\u00e1me hodn\u011b cyklist\u016f schopn\u00fdch splnit  nomina\u010dn\u00ed krit\u00e9ria pro LPH v Lond\u00fdn\u011b 2012 a jen p\u00e1r m\u00edst vyjet\u00fdch v kv\u00f3t\u011b pro \u010ceskou republiku. Proto mus\u00edme do Kanady na sv\u011btov\u00fd poh\u00e1r, je to v\u00edcem\u00e9n\u011b posledn\u00ed mo\u017enost, jak z\u00edskat je\u0161t\u011b n\u011bjak\u00e9 dal\u0161\u00ed body do rankingu n\u00e1rod\u016f\u201c vysv\u011btluje Viktor Zapletal, reprezenta\u010dn\u00ed tren\u00e9r t\u011blesn\u011b a zrakov\u011b handicapovan\u00fdch cyklist\u016f.\n<\/p>\n<p align=\"justify\"> N\u00e1rodn\u00ed kv\u00f3ta pro LPH v Lond\u00fdn\u011b 2012 se stanovuje na z\u00e1klad\u011b bodov\u00e9 \u00fasp\u011b\u0161nosti jednotliv\u00fdch zem\u00ed. \u010cesk\u00e1 republika klesla oproti paralympi\u00e1d\u011b v Pekingu, kde jsme byli dokonce \u010dtvrt\u00ed, o mnoho m\u00edst. V tuto chv\u00edli se pohybujeme okolo 11. m\u00edsta v \u017eeb\u0159\u00ed\u010dku n\u00e1rod\u016f a je p\u0159edpoklad, \u017ee budeme d\u00e1l klesat.<\/p>\n<p> T\u00fdm t\u011blesn\u011b a zrakov\u011b handicapovan\u00fdch cyklist\u016f obj\u00ed\u017ed\u00ed prakticky v\u0161echny podniky sv\u011btov\u00e9 paracyklistiky a jsou to pr\u00e1v\u011b cyklist\u00e9, kte\u0159\u00ed neust\u00e1le p\u0159iv\u00e1\u017eej\u00ed n\u011bjak\u00e9 medaile a p\u0159edn\u00ed um\u00edst\u011bn\u00ed. P\u0159esto body nesta\u010d\u00ed ani na udr\u017een\u00ed p\u0159edn\u00ed pozice v \u017eeb\u0159\u00ed\u010dku n\u00e1rod\u016f, \u010d\u00edm to je?<\/p>\n<p> D\u016fvod\u016f je v\u00edce. P\u0159edev\u0161\u00edm n\u00e1m chyb\u00ed obsazen\u00ed v kategori\u00edch, kde jsme d\u0159\u00edve z\u00edsk\u00e1vali maxim\u00e1ln\u00ed bodov\u00e9 zisky. V kategorii handbike, citeln\u011b postr\u00e1d\u00e1me osobnosti typu Marcela Pipka a Radka Civi\u0161e, kte\u0159\u00ed vyj\u00ed\u017ed\u011bli pro \u010ceskou republiku zna\u010dn\u00e9 mno\u017estv\u00ed bod\u016f. Ale neda\u0159\u00ed se n\u00e1m i v dal\u0161\u00edch kategori\u00edch, dlouhodob\u011b je zran\u011bn\u00fd Tom\u00e1\u0161 Kvasni\u010dka a jeho kolegov\u00e9 v kategorii C3 zat\u00edm nedosahuj\u00ed takov\u00fdch v\u00fdsledk\u016f na v\u00fdznamn\u00fdch z\u00e1vodech jako pr\u00e1v\u011b Tom\u00e1\u0161. Z tr\u00e9ninkov\u00e9ho procesu vypadl tak\u00e9 Radim Pavl\u00edk v kategorii C5 a i zde n\u00e1m tedy chyb\u00ed p\u0159\u00edjem bod\u016f. <br \/> <img decoding=\"async\" src=\"\/wordpress\/image\/sekretarky\/cervenec\/kanada_obr_1.JPG\"> <\/p>\n<p> A tak n\u00e1s p\u0159esko\u010dily zem\u011b, kter\u00e9 za\u017e\u00edvaj\u00ed cyklistick\u00fd rozmach, maj\u00ed dob\u0159e obsazen\u00e9 v\u0161echny kategorie a p\u0159edev\u0161\u00edm extr\u00e9mn\u00ed snahu z\u00edskat maximum bod\u016f, d\u016fle\u017eit\u00fdch pro stanoven\u00ed n\u00e1rodn\u00ed kv\u00f3ty.<\/p>\n<p> Dal\u0161\u00edm probl\u00e9mem je i chyb\u011bj\u00edc\u00ed koncepce \u010desk\u00e9 cyklistiky handicapovan\u00fdch, jako celku v cest\u011b za v\u011bt\u0161\u00edm bodov\u00fdm ziskem a t\u00edm p\u00e1dem i v\u011bt\u0161\u00ed nomina\u010dn\u00ed kv\u00f3tou pro Lond\u00fdn 2012. V\u0161e se u n\u00e1s toti\u017e odehr\u00e1v\u00e1 v linii jednotliv\u00fdch svaz\u016f, o n\u011bjak\u00e9 mezisvazov\u00e9 spolupr\u00e1ci nem\u016f\u017ee b\u00fdt ani \u0159e\u010d. Spojen\u00ed t\u00fdmu t\u011blesn\u011b posti\u017een\u00fdch a zrakov\u011b posti\u017een\u00fdch je v\u011bc\u00ed, na \u010desk\u00e9 pom\u011bry, nev\u00eddanou&#8230; <br \/> <img decoding=\"async\" src=\"\/wordpress\/image\/sekretarky\/cervenec\/kanada_obr_2.JPG\"><\/p>\n<p> Nicm\u00e9n\u011b, p\u0159edev\u0161\u00edm d\u00edky dlouhodob\u00e9 aktivit\u011b reprezenta\u010dn\u00edho t\u00fdmu t\u011blesn\u011b a zrakov\u011b handicapovan\u00fdch m\u00e1me aktu\u00e1ln\u011b tolik bod\u016f, kolik m\u00e1me. Ostatn\u011b, tento t\u00fdm nyn\u00ed m\u00ed\u0159\u00ed i do Kanady ve snaze alespo\u0148 \u010d\u00e1ste\u010dn\u011b zvr\u00e1tit nep\u0159\u00edzniv\u00fd stav v\u011bci. <\/p>\n<p> Podle aktu\u00e1ln\u00edch v\u00fdpo\u010dt\u016f by \u010cesk\u00e1 republika mohla vyslat do Lond\u00fdna, v kategorii mu\u017e\u016f, zhruba polovi\u010dn\u00ed po\u010det cyklist\u016f, ne\u017e byl v Pekingu. <br \/> <img decoding=\"async\" src=\"\/wordpress\/image\/sekretarky\/cervenec\/kanada_obr_3.JPG\"><\/p>\n<p> Je jasn\u00e9, \u017ee v takov\u00e9m p\u0159\u00edpad\u011b bude probl\u00e9m dostat do Lond\u00fdna v\u0161echny kandid\u00e1ty na medaili, nato\u017e pak mlad\u00e9 a nad\u011bjn\u00e9 cyklisty. Sm\u016flu by m\u011bl patrn\u011b nejenom handbike, ale i tandemy \u010di jezdci kategori\u00ed C3, 5 a tricyklist\u00e9. Dal\u0161\u00ed nep\u0159\u00edjemnou skute\u010dnosti by bylo, \u017ee bychom nemohli postavit dr\u00e1hov\u00fd Team sprint, kde pat\u0159\u00edme k nejlep\u0161\u00edm na sv\u011bt\u011b. K tomu toti\u017e pot\u0159ebujeme dva jezdce kategorie C3&#8230;<br \/> Slabou \u00fat\u011bchou n\u00e1m m\u016f\u017ee b\u00fdt, \u017ee d\u00edky leto\u0161n\u00ed mimo\u0159\u00e1dn\u00e9 form\u011b a v\u00fdkonnosti Terezy Diepoldov\u00e9, kterou odborn\u00edci ozna\u010duj\u00ed za cyklistick\u00fd objev roku, m\u016f\u017ee m\u00edt na\u0161e zem\u011b mo\u017en\u00e1 i dv\u011b nomina\u010dn\u00ed m\u00edsta pro Lond\u00fdn v kategorii \u017een. Tereza toti\u017e v leto\u0161n\u00edm roce neskon\u010dila na \u017e\u00e1dn\u00e9m ze z\u00e1vod\u016f kategorie P1 \u010di sv\u011btov\u00e9m poh\u00e1ru h\u016f\u0159e ne\u017e t\u0159et\u00ed a m\u00e1 na sv\u00e9m kont\u011b celou \u0159adu v\u00edt\u011bzstv\u00ed, co\u017e v\u00fdsledn\u011b zaji\u0161\u0165uje na\u0161\u00ed zemi zna\u010dn\u00fd bodov\u00fd p\u0159\u00edd\u011bl. <\/p>\n<p> N\u00e1\u0161 t\u00fdm odcestuje do Kanady v pond\u011bl\u00ed r\u00e1no a na cest\u011b do c\u00edlov\u00e9ho Baie \u2013 Comeau bude t\u00e9m\u011b\u0159 t\u0159i dny. T\u00fdm bude spol\u00e9hat p\u0159edev\u0161\u00edm na svou nejv\u011bt\u0161\u00ed hv\u011bzdu, Ji\u0159\u00edho Je\u017eka. \u00datok na medaili se o\u010dek\u00e1v\u00e1 i od zku\u0161en\u00e9ho Michala Starka. V\u011b\u0159\u00edme, \u017ee i v Kanad\u011b se bude da\u0159it Tereze.<br \/> Bez medailov\u00fdch p\u0159edpoklad\u016f odcestuje nov\u00e1\u010dek t\u00fdmu Miroslav Dongres, kter\u00fd bude m\u00edt od tren\u00e9ra Zapletala jedin\u00fd \u00fakol &#8211; dokon\u010dit oba z\u00e1vody a to v pokud mo\u017eno, co nejlep\u0161\u00edm v\u00fdsledku. U\u017e samotn\u00e1 \u00fa\u010dast Dongrese na sv\u011btov\u00e9m poh\u00e1ru toti\u017e znamen\u00e1 jist\u00fd bodov\u00fd zisk pro \u010ceskou republiku, kter\u00fd m\u016f\u017ee b\u00fdt v\u011bt\u0161\u00ed, ne\u017e kdyby tento z\u00e1vodn\u00edk vyhr\u00e1l z\u00e1vod kategorie P1, tedy evropsk\u00e9ho poh\u00e1ru. <\/p>\n","protected":false},"excerpt":{"rendered":"<a href=\"https:\/\/www.caths.cz\/wordpress\/cyklistu-je-moc-a-tak-musi-do-kanady\/\"><img loading=\"lazy\" decoding=\"async\" width=\"100\" height=\"100\" src=\"https:\/\/www.caths.cz\/wordpress\/wp-content\/plugins\/thumbnail-for-excerpts\/tfe_no_thumb.png\" class=\"alignleft wp-post-image tfe\" alt=\"\" title=\"\" \/><\/a><p>\u201eM\u00e1me hodn\u011b cyklist\u016f schopn\u00fdch splnit nomina\u010dn\u00ed krit\u00e9ria pro LPH v Lond\u00fdn\u011b 2012 a jen p\u00e1r m\u00edst vyjet\u00fdch v kv\u00f3t\u011b pro \u010ceskou republiku. Proto mus\u00edme do Kanady na sv\u011btov\u00fd poh\u00e1r, je [&hellip;]<\/p>\n","protected":false},"author":1,"featured_media":0,"comment_status":"closed","ping_status":"closed","sticky":false,"template":"","format":"standard","meta":{"ngg_post_thumbnail":0,"footnotes":""},"categories":[2],"tags":[],"class_list":["post-1930","post","type-post","status-publish","format-standard","hentry","category-cyklistika"],"_links":{"self":[{"href":"https:\/\/www.caths.cz\/wordpress\/wp-json\/wp\/v2\/posts\/1930","targetHints":{"allow":["GET"]}}],"collection":[{"href":"https:\/\/www.caths.cz\/wordpress\/wp-json\/wp\/v2\/posts"}],"about":[{"href":"https:\/\/www.caths.cz\/wordpress\/wp-json\/wp\/v2\/types\/post"}],"author":[{"embeddable":true,"href":"https:\/\/www.caths.cz\/wordpress\/wp-json\/wp\/v2\/users\/1"}],"replies":[{"embeddable":true,"href":"https:\/\/www.caths.cz\/wordpress\/wp-json\/wp\/v2\/comments?post=1930"}],"version-history":[{"count":0,"href":"https:\/\/www.caths.cz\/wordpress\/wp-json\/wp\/v2\/posts\/1930\/revisions"}],"wp:attachment":[{"href":"https:\/\/www.caths.cz\/wordpress\/wp-json\/wp\/v2\/media?parent=1930"}],"wp:term":[{"taxonomy":"category","embeddable":true,"href":"https:\/\/www.caths.cz\/wordpress\/wp-json\/wp\/v2\/categories?post=1930"},{"taxonomy":"post_tag","embeddable":true,"href":"https:\/\/www.caths.cz\/wordpress\/wp-json\/wp\/v2\/tags?post=1930"}],"curies":[{"name":"wp","href":"https:\/\/api.w.org\/{rel}","templated":true}]}}