{"id":1929,"date":"2011-07-04T07:12:55","date_gmt":"2011-07-04T06:12:55","guid":{"rendered":"http:\/\/www.caths.cz\/wordpress\/?p=1929"},"modified":"2011-07-04T07:12:55","modified_gmt":"2011-07-04T06:12:55","slug":"prvni-den-na-me-v-berline","status":"publish","type":"post","link":"https:\/\/www.caths.cz\/wordpress\/prvni-den-na-me-v-berline\/","title":{"rendered":"Prvn\u00ed den na ME v Berl\u00edn\u011b"},"content":{"rendered":"<p align=\"justify\">Zpr\u00e1va z prvn\u00edho dne ME v Berl\u00edn\u011b perem (kl\u00e1vesn\u00edc\u00ed) Andrey V\u011bnsekov\u00e9<\/p>\n<p align=\"justify\"> <strong> 1. z\u00e1vodn\u00ed den \u010desk\u00fdch plavc\u016f<br \/> zlato Arno\u0161ta Petr\u00e1\u010dka<br \/> st\u0159\u00edbro Honzy Pov\u00fd\u0161ila<br \/><\/strong><\/p>\n<p> Prvn\u00ed den Mistrovstv\u00ed Evropy jsme za\u010dali nejl\u00edp, jak jsme mohli. V dopoledn\u00edch rozplavb\u00e1ch zaplavala Ka\u010dka Kuldov\u00e1 v disciplin\u011b 100m voln\u00fd zp\u016fsob v\u00fdkon bl\u00ed\u017e\u00edc\u00ed se jej\u00edmu osobn\u00edmu rekordu. Bohu\u017eel do fin\u00e1le se nedostala, z\u016fstala mezi pora\u017een\u00fdmi, stejn\u011b jako Filip Coufal. Ten po dlouh\u00e9m z\u00e1vodn\u00edm v\u00fdpadku, kter\u00fd vyplnil studiem pr\u00e1v na brn\u011bnsk\u00e9 univerzit\u011b, doplaval ve v\u00fdborn\u00e9m \u010dase na des\u00e1t\u00e9m m\u00edst\u011b.<\/p>\n<p> Na z\u00e1v\u011br na\u0161eho z\u00e1vodn\u00edho programu byla disciplina 50m znak, kde jsme m\u011bli hodn\u011b hork\u00e9 \u017eel\u00edzka v ohni \u2013 Arno\u0161t Petr\u00e1\u010dek byl nasazen v p\u0159\u00edm\u00e9m fin\u00e1le jako favorit, Honza Pov\u00fd\u0161il jako t\u0159et\u00ed. Fin\u00e1le dopadlo nad o\u010dek\u00e1v\u00e1n\u00ed : Arno\u0161t vyhr\u00e1l t\u011bsn\u011b nad nepoveden\u00fdm dohmatem Honzy a hlavn\u011b porazili francouzsk\u00e9ho plavce !!! To je hlavn\u011b pro Honzu, kter\u00fd se je\u0161t\u011b setk\u00e1 ve v\u00edce disciplin\u00e1ch s francouzsk\u00fdm plavcem Davidem Smetaninem hodn\u011b pozitivn\u00ed!!! T\u011b\u0161\u00edme se na jeho dal\u0161\u00ed v\u00fdkony!!!<\/p>\n<p> Z\u00edtra startuj\u00ed Ka\u010dky Kom\u00e1rkov\u00e1 a Kuldov\u00e1 v d\u016fle\u017eit\u00e9 disciplin\u011b 200m polohov\u00fd z\u00e1vod, Filip Coufal ve stejn\u00e9 disciplin\u011b \u2013 o\u010dek\u00e1v\u00e1me fin\u00e1lovou \u00fa\u010dast, Honza Pov\u00fd\u0161il startuje v dopl\u0148kov\u00e9 disciplin\u011b 50m prsa \u2013 ta je d\u016fle\u017eit\u00e1 pro jeho vynikaj\u00edc\u00ed disciplinu 150m polohov\u00fd z\u00e1vod. Arno\u0161t odpo\u010d\u00edv\u00e1 p\u0159ed dal\u0161\u00edm z\u00e1vodn\u00edm dnem. <\/p>\n","protected":false},"excerpt":{"rendered":"<a href=\"https:\/\/www.caths.cz\/wordpress\/prvni-den-na-me-v-berline\/\"><img loading=\"lazy\" decoding=\"async\" width=\"100\" height=\"100\" src=\"https:\/\/www.caths.cz\/wordpress\/wp-content\/plugins\/thumbnail-for-excerpts\/tfe_no_thumb.png\" class=\"alignleft wp-post-image tfe\" alt=\"\" title=\"\" \/><\/a><p>Zpr\u00e1va z prvn\u00edho dne ME v Berl\u00edn\u011b perem (kl\u00e1vesn\u00edc\u00ed) Andrey V\u011bnsekov\u00e9 1. z\u00e1vodn\u00ed den \u010desk\u00fdch plavc\u016f zlato Arno\u0161ta Petr\u00e1\u010dka st\u0159\u00edbro Honzy Pov\u00fd\u0161ila Prvn\u00ed den Mistrovstv\u00ed Evropy jsme za\u010dali nejl\u00edp, jak [&hellip;]<\/p>\n","protected":false},"author":1,"featured_media":0,"comment_status":"closed","ping_status":"closed","sticky":false,"template":"","format":"standard","meta":{"ngg_post_thumbnail":0,"footnotes":""},"categories":[15],"tags":[],"class_list":["post-1929","post","type-post","status-publish","format-standard","hentry","category-plavani"],"_links":{"self":[{"href":"https:\/\/www.caths.cz\/wordpress\/wp-json\/wp\/v2\/posts\/1929","targetHints":{"allow":["GET"]}}],"collection":[{"href":"https:\/\/www.caths.cz\/wordpress\/wp-json\/wp\/v2\/posts"}],"about":[{"href":"https:\/\/www.caths.cz\/wordpress\/wp-json\/wp\/v2\/types\/post"}],"author":[{"embeddable":true,"href":"https:\/\/www.caths.cz\/wordpress\/wp-json\/wp\/v2\/users\/1"}],"replies":[{"embeddable":true,"href":"https:\/\/www.caths.cz\/wordpress\/wp-json\/wp\/v2\/comments?post=1929"}],"version-history":[{"count":0,"href":"https:\/\/www.caths.cz\/wordpress\/wp-json\/wp\/v2\/posts\/1929\/revisions"}],"wp:attachment":[{"href":"https:\/\/www.caths.cz\/wordpress\/wp-json\/wp\/v2\/media?parent=1929"}],"wp:term":[{"taxonomy":"category","embeddable":true,"href":"https:\/\/www.caths.cz\/wordpress\/wp-json\/wp\/v2\/categories?post=1929"},{"taxonomy":"post_tag","embeddable":true,"href":"https:\/\/www.caths.cz\/wordpress\/wp-json\/wp\/v2\/tags?post=1929"}],"curies":[{"name":"wp","href":"https:\/\/api.w.org\/{rel}","templated":true}]}}