{"id":1928,"date":"2011-07-03T21:28:10","date_gmt":"2011-07-03T20:28:10","guid":{"rendered":"http:\/\/www.caths.cz\/wordpress\/?p=1928"},"modified":"2011-07-03T21:28:10","modified_gmt":"2011-07-03T20:28:10","slug":"mistrovstvi-evropy-2011-berlin-3-1072011","status":"publish","type":"post","link":"https:\/\/www.caths.cz\/wordpress\/mistrovstvi-evropy-2011-berlin-3-1072011\/","title":{"rendered":"Mistrovstv\u00ed Evropy 2011, Berlin 3. \u2013 10.7.2011"},"content":{"rendered":"<p>Andrea V\u011bnsekov\u00e1 n\u00e1m poslala prvn\u00ed zpr\u00e1vu z Berl\u00edna.<\/p>\n<p align=\"justify\">Mistrovstv\u00ed Evropy se po\u0159\u00e1d\u00e1 tento rok v plaveck\u00e9m are\u00e1lu, kter\u00fd je n\u00e1m v\u0161em dob\u0159e zn\u00e1m\u00fd, jezd\u00edme sem ka\u017ed\u00fd rok na Mistrovstv\u00ed N\u011bmecka, tak\u017ee se c\u00edt\u00edme \u201e jako doma\u201c. <\/p>\n<p> \u010cesk\u00e1 v\u00fdprava dorazila do Berlina ji\u017e v\u010dera odpoledne, ubytovali jsme se nedaleko baz\u00e9nu, \u0161li se ve\u010der vyplavat a vyspat. Dnes jsme absolvovali kr\u00e1tk\u00fd tr\u00e9nink, odpoledne budeme odpo\u010d\u00edvat a ve\u010der se z\u00fa\u010dastn\u00edme zahajovac\u00edho ceremoni\u00e1lu. Z\u00e1vody za\u010d\u00ednaj\u00ed z\u00edtra, do boj\u016f zas\u00e1hne Kate\u0159ina Kuldov\u00e1, Filip Coufal v disciplin\u011b 100m voln\u00fd zp\u016fsob \u2013 budou se sna\u017eit vyplavat si fin\u00e1le i kdy\u017e to nen\u00ed ani pro jednoho hlavn\u00ed disciplina a v odpoledn\u00edm programu startuj\u00ed Jan Pov\u00fd\u0161il a Arno\u0161t Petr\u00e1\u010dek v p\u0159\u00edm\u00e9m fin\u00e1le v disciplin\u011b 50m znak. Arno\u0161t je nasazen\u00fd jako favorit s nejlep\u0161\u00edm \u010dasem, Honza poplave jako nasazen\u00e1 trojka. <\/p>\n<p> V\u0161echny d\u016fle\u017eit\u00e9 informace je mo\u017en\u00e9 naj\u00edt <a href=\"http:\/\/www.ecswimming2011.com\"> http:\/\/www.ecswimming2011.com<\/a>, nebo <a href=\"http:\/\/results.paralympic.org\"> http:\/\/results.paralympic.org<\/a> &#8211; na t\u011bchto str\u00e1nk\u00e1ch bude taky prob\u00edhat on-line p\u0159enos.<\/p>\n<p> Z\u00e1vodn\u00ed program Mistrovstv\u00ed Evropy <a href=\"http:\/\/www.caths.cz\/storage\/plavani\/2011_01_17_Europeans programme.pdf\" target=\"_blank\"> zde<\/a>.<\/p>\n<p> Discipliny ve kter\u00fdch budou na\u0161i plavci v p\u0159\u00ed\u0161t\u00edch dnech plavat : <\/p>\n<p> <strong>Jan Pov\u00fd\u0161il, t\u0159\u00edda S4 <\/strong>:<\/p>\n<p> 50m voln\u00fd zp\u016fsob<\/p>\n<p> 100m voln\u00fd zp\u016fsob<\/p>\n<p> 200m voln\u00fd zp\u016fsob<\/p>\n<p> 50 m znak<\/p>\n<p> 50m prsa<\/p>\n<p> 150m polohov\u00fd z\u00e1vod<\/p>\n<p> <strong>Filip Coufal, t\u0159\u00edda S10<\/strong>:<\/p>\n<p> 50m voln\u00fd zp\u016fsob<\/p>\n<p> 100m voln\u00fd zp\u016fsob<\/p>\n<p> 100 m znak<\/p>\n<p> 100m mot\u00fdlek<\/p>\n<p> 200m polohov\u00fd z\u00e1vod<\/p>\n<p> <strong>Arno\u0161t Petr\u00e1\u010dek, t\u0159\u00edda S4<\/strong>:<\/p>\n<p> 50m voln\u00fd zp\u016fsob<\/p>\n<p> 100m voln\u00fd zp\u016fsob<\/p>\n<p> 50m mot\u00fdlek<\/p>\n<p> 50m znak<\/p>\n<p> <strong>Kate\u0159ina Kom\u00e1rkov\u00e1, S9<\/strong>:<\/p>\n<p> 100m prsa<\/p>\n<p> 100m znak<\/p>\n<p> 100m mot\u00fdlek<\/p>\n<p> 200m polohov\u00fd z\u00e1vod<\/p>\n<p> <strong>Kate\u0159ina Kuldov\u00e1, S9<\/strong>:<\/p>\n<p> 50m voln\u00fd zp\u016fsob<\/p>\n<p> 100m voln\u00fd zp\u016fsob<\/p>\n<p> 400m voln\u00fd zp\u016fsob<\/p>\n<p> 100m znak<\/p>\n<p> 200m polohov\u00fd z\u00e1vod<\/p>\n","protected":false},"excerpt":{"rendered":"<a href=\"https:\/\/www.caths.cz\/wordpress\/mistrovstvi-evropy-2011-berlin-3-1072011\/\"><img loading=\"lazy\" decoding=\"async\" width=\"100\" height=\"100\" src=\"https:\/\/www.caths.cz\/wordpress\/wp-content\/plugins\/thumbnail-for-excerpts\/tfe_no_thumb.png\" class=\"alignleft wp-post-image tfe\" alt=\"\" title=\"\" \/><\/a><p>Andrea V\u011bnsekov\u00e1 n\u00e1m poslala prvn\u00ed zpr\u00e1vu z Berl\u00edna. Mistrovstv\u00ed Evropy se po\u0159\u00e1d\u00e1 tento rok v plaveck\u00e9m are\u00e1lu, kter\u00fd je n\u00e1m v\u0161em dob\u0159e zn\u00e1m\u00fd, jezd\u00edme sem ka\u017ed\u00fd rok na Mistrovstv\u00ed N\u011bmecka, [&hellip;]<\/p>\n","protected":false},"author":1,"featured_media":0,"comment_status":"closed","ping_status":"closed","sticky":false,"template":"","format":"standard","meta":{"ngg_post_thumbnail":0,"footnotes":""},"categories":[15],"tags":[],"class_list":["post-1928","post","type-post","status-publish","format-standard","hentry","category-plavani"],"_links":{"self":[{"href":"https:\/\/www.caths.cz\/wordpress\/wp-json\/wp\/v2\/posts\/1928","targetHints":{"allow":["GET"]}}],"collection":[{"href":"https:\/\/www.caths.cz\/wordpress\/wp-json\/wp\/v2\/posts"}],"about":[{"href":"https:\/\/www.caths.cz\/wordpress\/wp-json\/wp\/v2\/types\/post"}],"author":[{"embeddable":true,"href":"https:\/\/www.caths.cz\/wordpress\/wp-json\/wp\/v2\/users\/1"}],"replies":[{"embeddable":true,"href":"https:\/\/www.caths.cz\/wordpress\/wp-json\/wp\/v2\/comments?post=1928"}],"version-history":[{"count":0,"href":"https:\/\/www.caths.cz\/wordpress\/wp-json\/wp\/v2\/posts\/1928\/revisions"}],"wp:attachment":[{"href":"https:\/\/www.caths.cz\/wordpress\/wp-json\/wp\/v2\/media?parent=1928"}],"wp:term":[{"taxonomy":"category","embeddable":true,"href":"https:\/\/www.caths.cz\/wordpress\/wp-json\/wp\/v2\/categories?post=1928"},{"taxonomy":"post_tag","embeddable":true,"href":"https:\/\/www.caths.cz\/wordpress\/wp-json\/wp\/v2\/tags?post=1928"}],"curies":[{"name":"wp","href":"https:\/\/api.w.org\/{rel}","templated":true}]}}