{"id":1927,"date":"2011-07-03T08:24:40","date_gmt":"2011-07-03T07:24:40","guid":{"rendered":"http:\/\/www.caths.cz\/wordpress\/?p=1927"},"modified":"2011-07-03T08:24:40","modified_gmt":"2011-07-03T07:24:40","slug":"video-tomase-poucha-z-mistrovstvi-cr-v-maratonu-horskych-kol-handicapovanych-cyklistu","status":"publish","type":"post","link":"https:\/\/www.caths.cz\/wordpress\/video-tomase-poucha-z-mistrovstvi-cr-v-maratonu-horskych-kol-handicapovanych-cyklistu\/","title":{"rendered":"Video Tom\u00e1\u0161e Poucha z Mistrovstv\u00ed \u010cR v maratonu horsk\u00fdch kol handicapovan\u00fdch cyklist\u016f"},"content":{"rendered":"<p>Pod\u00edvejte se na video z M\u010cR horsk\u00fdch kol.<br \/> Video naleznete <a href=\"http:\/\/www.youtube.com\/watch?v=UhaenkWwbEw \" target=\"_blank\"> zde<\/a><\/p>\n","protected":false},"excerpt":{"rendered":"<a href=\"https:\/\/www.caths.cz\/wordpress\/video-tomase-poucha-z-mistrovstvi-cr-v-maratonu-horskych-kol-handicapovanych-cyklistu\/\"><img loading=\"lazy\" decoding=\"async\" width=\"100\" height=\"100\" src=\"https:\/\/www.caths.cz\/wordpress\/wp-content\/plugins\/thumbnail-for-excerpts\/tfe_no_thumb.png\" class=\"alignleft wp-post-image tfe\" alt=\"\" title=\"\" \/><\/a><p>Pod\u00edvejte se na video z M\u010cR horsk\u00fdch kol. Video naleznete zde<\/p>\n","protected":false},"author":1,"featured_media":0,"comment_status":"closed","ping_status":"closed","sticky":false,"template":"","format":"standard","meta":{"ngg_post_thumbnail":0,"footnotes":""},"categories":[2],"tags":[],"class_list":["post-1927","post","type-post","status-publish","format-standard","hentry","category-cyklistika"],"_links":{"self":[{"href":"https:\/\/www.caths.cz\/wordpress\/wp-json\/wp\/v2\/posts\/1927","targetHints":{"allow":["GET"]}}],"collection":[{"href":"https:\/\/www.caths.cz\/wordpress\/wp-json\/wp\/v2\/posts"}],"about":[{"href":"https:\/\/www.caths.cz\/wordpress\/wp-json\/wp\/v2\/types\/post"}],"author":[{"embeddable":true,"href":"https:\/\/www.caths.cz\/wordpress\/wp-json\/wp\/v2\/users\/1"}],"replies":[{"embeddable":true,"href":"https:\/\/www.caths.cz\/wordpress\/wp-json\/wp\/v2\/comments?post=1927"}],"version-history":[{"count":0,"href":"https:\/\/www.caths.cz\/wordpress\/wp-json\/wp\/v2\/posts\/1927\/revisions"}],"wp:attachment":[{"href":"https:\/\/www.caths.cz\/wordpress\/wp-json\/wp\/v2\/media?parent=1927"}],"wp:term":[{"taxonomy":"category","embeddable":true,"href":"https:\/\/www.caths.cz\/wordpress\/wp-json\/wp\/v2\/categories?post=1927"},{"taxonomy":"post_tag","embeddable":true,"href":"https:\/\/www.caths.cz\/wordpress\/wp-json\/wp\/v2\/tags?post=1927"}],"curies":[{"name":"wp","href":"https:\/\/api.w.org\/{rel}","templated":true}]}}