{"id":1926,"date":"2011-07-02T20:01:43","date_gmt":"2011-07-02T19:01:43","guid":{"rendered":"http:\/\/www.caths.cz\/wordpress\/?p=1926"},"modified":"2011-07-02T20:01:43","modified_gmt":"2011-07-02T19:01:43","slug":"v-nedeli-se-rozbehne-program-mistrovstvi-evropy-v-plavani-berlin-2011","status":"publish","type":"post","link":"https:\/\/www.caths.cz\/wordpress\/v-nedeli-se-rozbehne-program-mistrovstvi-evropy-v-plavani-berlin-2011\/","title":{"rendered":"V ned\u011bli se rozb\u011bhne program Mistrovstv\u00ed Evropy v plav\u00e1n\u00ed Berlin 2011"},"content":{"rendered":"<p align=\"justify\">\u010cesk\u00fd t\u00fdm plavc\u016f je ji\u017e v d\u011bji\u0161ti leto\u0161n\u00ed vrcholn\u00e9 akce Mistrovstv\u00ed Evropy v plav\u00e1n\u00ed Berl\u00edn\u011b. Reprezenta\u010dn\u00ed t\u00fdm \u010cR je slo\u017een z 5 t\u011blesn\u011b handicapovan\u00fdch plavc\u016f \u2013 Kom\u00e1rkov\u00e9, Kuldov\u00e9, Petr\u00e1\u010dka, Pov\u00fd\u0161ila, Coufala a 3 zrakov\u011b posti\u017een\u00fdch a 2 ment\u00e1ln\u011b posti\u017een\u00fdch.<\/p>\n<p align=\"justify\">Od ned\u011ble se rozb\u00edh\u00e1 n\u00e1ro\u010dn\u00fd program mistrovstv\u00ed. Na\u0161i t\u011blesn\u011b handicapovan\u00ed plavci budou bojovat celkem ve v\u00edce ne\u017e dvaceti discipl\u00edn\u00e1ch. Podrobnosti p\u0159ineseme v n\u00e1sleduj\u00edc\u00edch dnech.<\/p>\n<p> \u010casov\u00fd program ME naleznete : <a href=\"http:\/\/www.caths.cz\/storage\/sekretarky\/me_berlin\/daily schedule.pdf\" target=\"_blank\"> zde<\/a><\/p>\n<p> Mistrovstv\u00ed bude tak\u00e9 \u017eiv\u011b p\u0159en\u00e1\u0161eno n\u011bmeck\u00fdm <a href=\"http:\/\/www.spobox.tv\" target=\"_blank\"> serverem,<\/a> ve dnech 3. \u2013 9.7.2011, v\u017edy v dob\u011b od 9:00 \u2013 12:00 a 16:00 \u2013 20:30 st\u0159edoevropsk\u00e9ho \u010dasu.<\/p>\n<p> V\u00fdsledkov\u00e9 listiny budou dostupn\u00e9 <a href=\"http:\/\/results.paralympic.org\" target=\"_blank\"> online.<\/a><\/p>\n<p> ME plav\u00e1n\u00ed IPC o\u010dek\u00e1v\u00e1 \u00fa\u010dast okolo 440 plavc\u016f ze 36 zem\u00ed a je jednou z nejv\u011bt\u0161\u00edch mezin\u00e1rodn\u00edch plaveck\u00fdch ud\u00e1lost\u00ed p\u0159ed Paralympi\u00e1dou Lond\u00fdn 2012. <\/p>\n","protected":false},"excerpt":{"rendered":"<a href=\"https:\/\/www.caths.cz\/wordpress\/v-nedeli-se-rozbehne-program-mistrovstvi-evropy-v-plavani-berlin-2011\/\"><img loading=\"lazy\" decoding=\"async\" width=\"100\" height=\"100\" src=\"https:\/\/www.caths.cz\/wordpress\/wp-content\/plugins\/thumbnail-for-excerpts\/tfe_no_thumb.png\" class=\"alignleft wp-post-image tfe\" alt=\"\" title=\"\" \/><\/a><p>\u010cesk\u00fd t\u00fdm plavc\u016f je ji\u017e v d\u011bji\u0161ti leto\u0161n\u00ed vrcholn\u00e9 akce Mistrovstv\u00ed Evropy v plav\u00e1n\u00ed Berl\u00edn\u011b. Reprezenta\u010dn\u00ed t\u00fdm \u010cR je slo\u017een z 5 t\u011blesn\u011b handicapovan\u00fdch plavc\u016f \u2013 Kom\u00e1rkov\u00e9, Kuldov\u00e9, Petr\u00e1\u010dka, Pov\u00fd\u0161ila, [&hellip;]<\/p>\n","protected":false},"author":1,"featured_media":0,"comment_status":"closed","ping_status":"closed","sticky":false,"template":"","format":"standard","meta":{"ngg_post_thumbnail":0,"footnotes":""},"categories":[15],"tags":[],"class_list":["post-1926","post","type-post","status-publish","format-standard","hentry","category-plavani"],"_links":{"self":[{"href":"https:\/\/www.caths.cz\/wordpress\/wp-json\/wp\/v2\/posts\/1926","targetHints":{"allow":["GET"]}}],"collection":[{"href":"https:\/\/www.caths.cz\/wordpress\/wp-json\/wp\/v2\/posts"}],"about":[{"href":"https:\/\/www.caths.cz\/wordpress\/wp-json\/wp\/v2\/types\/post"}],"author":[{"embeddable":true,"href":"https:\/\/www.caths.cz\/wordpress\/wp-json\/wp\/v2\/users\/1"}],"replies":[{"embeddable":true,"href":"https:\/\/www.caths.cz\/wordpress\/wp-json\/wp\/v2\/comments?post=1926"}],"version-history":[{"count":0,"href":"https:\/\/www.caths.cz\/wordpress\/wp-json\/wp\/v2\/posts\/1926\/revisions"}],"wp:attachment":[{"href":"https:\/\/www.caths.cz\/wordpress\/wp-json\/wp\/v2\/media?parent=1926"}],"wp:term":[{"taxonomy":"category","embeddable":true,"href":"https:\/\/www.caths.cz\/wordpress\/wp-json\/wp\/v2\/categories?post=1926"},{"taxonomy":"post_tag","embeddable":true,"href":"https:\/\/www.caths.cz\/wordpress\/wp-json\/wp\/v2\/tags?post=1926"}],"curies":[{"name":"wp","href":"https:\/\/api.w.org\/{rel}","templated":true}]}}