{"id":1925,"date":"2011-07-01T14:44:47","date_gmt":"2011-07-01T13:44:47","guid":{"rendered":"http:\/\/www.caths.cz\/wordpress\/?p=1925"},"modified":"2011-07-01T14:44:47","modified_gmt":"2011-07-01T13:44:47","slug":"msmemsspepcpmcrcpmcr-mtb-jojo-to-je-cervenec","status":"publish","type":"post","link":"https:\/\/www.caths.cz\/wordpress\/msmemsspepcpmcrcpmcr-mtb-jojo-to-je-cervenec\/","title":{"rendered":"MS,ME,MS,SP,EP,\u010cP,M\u010cR,\u010cP,M\u010cR MTB&#8230;. jojo, to je \u010dervenec&#8230;."},"content":{"rendered":"<p align=\"justify\">Mistrovstv\u00ed sv\u011bta, Evropy, Sv\u011btov\u00fd poh\u00e1r, Evropsk\u00fd poh\u00e1r, \u010cesk\u00fd poh\u00e1r, Mistrovstv\u00ed republiky&#8230;. V\u0161echny tyto v\u00fdznamn\u00e9 akce na n\u00e1s \u010dekaj\u00ed v \u010dervenci 2011!<\/p>\n<p align=\"justify\"><img decoding=\"async\" src=\"\/wordpress\/image\/sekretarky\/cervenec\/001.jpg\" ALIGN=\"right\" HSPACE=5 VSPACE=5\">A hned zkraje m\u011bs\u00edce za\u010dneme p\u011bkn\u011b zostra, od 1.7. do 8.7. se toti\u017e ve Weymothu uskute\u010dn\u00ed mistrovstv\u00ed sv\u011bta jachta\u0159\u016f a my budeme dr\u017eet palce na\u0161im reprezentant\u016fm. Budou to pot\u0159ebovat, jsou toti\u017e jen kr\u016f\u010dek od spln\u011bn\u00ed nomina\u010dn\u00edch podm\u00ednek k \u00fa\u010dasti na paralympi\u00e1d\u011b v Lond\u00fdn\u011b 2012. Bude to t\u011b\u017ek\u00e9, ale v\u011b\u0159me, \u017ee v\u00edtr na trati, kde se pojede i paralympijsk\u00fd z\u00e1vod, p\u0159inese na\u0161im barv\u00e1m \u0161t\u011bst\u00ed. <\/p>\n<p> <img decoding=\"async\" src=\"\/wordpress\/image\/sekretarky\/cervenec\/002.JPG\" ALIGN=\"right\" HSPACE=5 VSPACE=5\">O v\u00edkendu odcestuje ke sv\u00e9mu vrcholu sez\u00f3ny, plaveck\u00e1 reprezentace. V Berl\u00edn\u011b se od 3.7. do 10.7. uskute\u010dn\u00ed mistrovstv\u00ed Evropy v plaveck\u00fdch discipl\u00edn\u00e1ch. Plavci se v uplynul\u00fdch dnech p\u0159ipravovali na Kan\u00e1rsk\u00fdch ostrovech a odcestuj\u00ed do Berl\u00edna ve velmi siln\u00e9 sestav\u011b. <\/p>\n<p> Do It\u00e1lie na mistrovstv\u00ed sv\u011bta pojedou reprezentanti na\u0161eho dal\u0161\u00edho par\u00e1dn\u00edho sportu \u2013 lukost\u0159elby. <img decoding=\"async\" src=\"\/wordpress\/image\/sekretarky\/cervenec\/003.jpg\" ALIGN=\"right\" HSPACE=5 VSPACE=5\">O\u010dek\u00e1v\u00e1 se opravdu zaj\u00edmav\u00e1 sout\u011b\u017e, a to nejenom nejenom pro odborn\u00edky \u2013 v\u017edy\u0165 fin\u00e1lov\u00e9 boje prob\u011bhnou p\u0159\u00edmo v centru Tur\u00edna na n\u00e1m\u011bst\u00ed! Od 11.7. do 17.7. se tedy pozornost na\u0161eho serveru zam\u011b\u0159\u00ed pr\u00e1v\u011b sem. <\/p>\n<p> U\u017e jsme si zvykli, \u017ee cyklistika v t\u011bchto t\u00fddnech prakticky ovl\u00e1d\u00e1 na\u0161e zpravodajstv\u00ed. A cyklist\u016fm se na pln\u00e9 obr\u00e1tky to\u010d\u00ed jejich pestr\u00fd koloto\u010d sout\u011b\u017e\u00ed d\u00e1l. <img decoding=\"async\" src=\"\/wordpress\/image\/sekretarky\/cervenec\/004.jpg\" ALIGN=\"right\" HSPACE=5 VSPACE=5\">Tak\u017ee i v \u010dervenci v\u00e1m budeme postupn\u011b p\u0159in\u00e1\u0161et zpravodajstv\u00ed ze sv\u011btov\u00e9ho poh\u00e1ru v kanadsk\u00e9m Baie Comeau, Evropsk\u00e9ho poh\u00e1ru na Slovensku, mistrovstv\u00ed republiky v \u010dasovce a silni\u010dn\u00edm z\u00e1vod\u011b v Hustope\u010d\u00edch a mistrovstv\u00ed republiky horsk\u00fdch kol v klasick\u00e9m cross country, kter\u00e9 se uskute\u010dn\u00ed v Ostrav\u011b.<\/p>\n<p> P\u0159\u00edznivci atletiky se mohou t\u011b\u0161it na dal\u0161\u00ed kolo \u010cesk\u00e9ho poh\u00e1ru, <img decoding=\"async\" src=\"\/wordpress\/image\/sekretarky\/cervenec\/005.jpg\" ALIGN=\"right\" HSPACE=5 VSPACE=5\">kter\u00e9 zav\u00edt\u00e1 tentokr\u00e1t do m\u011bsta Chrudim 23.7. a lukost\u0159elci pom\u011b\u0159\u00ed sv\u00e9 s\u00edly v dal\u0161\u00edm kole \u010cesk\u00e9ho poh\u00e1ru, kter\u00e9 se bude po\u0159\u00e1dat ve dvou dnech 23.7. \u2013 24.7.<\/p>\n<p> www.caths.cz bude samoz\u0159ejm\u011b \u00fapln\u011b v\u0161ude a vy se m\u016f\u017eete t\u011b\u0161it na zpravodajstv\u00ed a fotoreport\u00e1\u017ee ze v\u0161ech uveden\u00fdch sout\u011b\u017e\u00ed.<\/p>\n","protected":false},"excerpt":{"rendered":"<a href=\"https:\/\/www.caths.cz\/wordpress\/msmemsspepcpmcrcpmcr-mtb-jojo-to-je-cervenec\/\"><img loading=\"lazy\" decoding=\"async\" width=\"100\" height=\"100\" src=\"https:\/\/www.caths.cz\/wordpress\/wp-content\/plugins\/thumbnail-for-excerpts\/tfe_no_thumb.png\" class=\"alignleft wp-post-image tfe\" alt=\"\" title=\"\" \/><\/a><p>Mistrovstv\u00ed sv\u011bta, Evropy, Sv\u011btov\u00fd poh\u00e1r, Evropsk\u00fd poh\u00e1r, \u010cesk\u00fd poh\u00e1r, Mistrovstv\u00ed republiky&#8230;. V\u0161echny tyto v\u00fdznamn\u00e9 akce na n\u00e1s \u010dekaj\u00ed v \u010dervenci 2011! O v\u00edkendu odcestuje ke sv\u00e9mu vrcholu sez\u00f3ny, plaveck\u00e1 reprezentace. [&hellip;]<\/p>\n","protected":false},"author":1,"featured_media":0,"comment_status":"closed","ping_status":"closed","sticky":false,"template":"","format":"standard","meta":{"ngg_post_thumbnail":0,"footnotes":""},"categories":[6],"tags":[],"class_list":["post-1925","post","type-post","status-publish","format-standard","hentry","category-caths-info"],"_links":{"self":[{"href":"https:\/\/www.caths.cz\/wordpress\/wp-json\/wp\/v2\/posts\/1925","targetHints":{"allow":["GET"]}}],"collection":[{"href":"https:\/\/www.caths.cz\/wordpress\/wp-json\/wp\/v2\/posts"}],"about":[{"href":"https:\/\/www.caths.cz\/wordpress\/wp-json\/wp\/v2\/types\/post"}],"author":[{"embeddable":true,"href":"https:\/\/www.caths.cz\/wordpress\/wp-json\/wp\/v2\/users\/1"}],"replies":[{"embeddable":true,"href":"https:\/\/www.caths.cz\/wordpress\/wp-json\/wp\/v2\/comments?post=1925"}],"version-history":[{"count":0,"href":"https:\/\/www.caths.cz\/wordpress\/wp-json\/wp\/v2\/posts\/1925\/revisions"}],"wp:attachment":[{"href":"https:\/\/www.caths.cz\/wordpress\/wp-json\/wp\/v2\/media?parent=1925"}],"wp:term":[{"taxonomy":"category","embeddable":true,"href":"https:\/\/www.caths.cz\/wordpress\/wp-json\/wp\/v2\/categories?post=1925"},{"taxonomy":"post_tag","embeddable":true,"href":"https:\/\/www.caths.cz\/wordpress\/wp-json\/wp\/v2\/tags?post=1925"}],"curies":[{"name":"wp","href":"https:\/\/api.w.org\/{rel}","templated":true}]}}