{"id":1924,"date":"2011-07-01T00:16:32","date_gmt":"2011-06-30T23:16:32","guid":{"rendered":"http:\/\/www.caths.cz\/wordpress\/?p=1924"},"modified":"2011-07-01T00:16:32","modified_gmt":"2011-06-30T23:16:32","slug":"postoupi-nasi-jachtari-do-londyna-na-paralympijske-hry","status":"publish","type":"post","link":"https:\/\/www.caths.cz\/wordpress\/postoupi-nasi-jachtari-do-londyna-na-paralympijske-hry\/","title":{"rendered":"Postoup\u00ed na\u0161i jachta\u0159i do Lond\u00fdna na paralympijsk\u00e9 hry?"},"content":{"rendered":"<p align=\"justify\">\nNa\u0161e posledn\u00ed anketn\u00ed ot\u00e1zka vygenerovala s 92% jistotou jasn\u00e9 poselstv\u00ed sportovn\u00edm novin\u00e1\u0159\u016fm, redakc\u00edm, server\u016fm \u2013 pi\u0161te v\u00edce o handicapovan\u00fdch sportovc\u00edch!<\/p>\n<p align=\"justify\"> A my jen dod\u00e1v\u00e1me \u2013 oni si to toti\u017e zaslou\u017e\u00ed, jsou opravdu dob\u0159\u00ed&#8230; <\/p>\n<p> T\u00e9mat pro dal\u0161\u00ed anketn\u00ed ot\u00e1zku je mnoho, p\u0159edev\u0161\u00edm sportovn\u011b politick\u00e1 sc\u00e9na \u010di financov\u00e1n\u00ed sportu v \u010cesk\u00e9 republice nab\u00edz\u00ed nep\u0159ebern\u00e9 mno\u017estv\u00ed dr\u00e1\u017ediv\u00fdch t\u00e9mat, kter\u00e9 bud\u00ed siln\u00e9 emoce. <br \/> Ale rozhodli jsme se, \u017ee dop\u0159ejeme baf\u00edk\u016fm, soud\u00edc\u00edm se subjekt\u016fm \u010di rozporupln\u00fdm t\u00e9mat\u016fm na n\u011bjak\u00fd \u010das odpo\u010dinek a budeme se zab\u00fdvat pouh\u00fdm sportem. <br \/>To n\u00e1s toti\u017e nejv\u00edce zaj\u00edm\u00e1 a tak na\u0161e nov\u00e1 anketn\u00ed ot\u00e1zka zn\u00ed: <\/p>\n<p><strong> Mysl\u00edte si, \u017ee se na\u0161im jachta\u0159\u016fm poda\u0159\u00ed z\u00edskat na MS um\u00edst\u011bn\u00ed v elitn\u00ed sv\u011btov\u00e9 osmi\u010dce a splnit tak nomina\u010dn\u00ed krit\u00e9ria pro LPH v Lond\u00fdn\u011b 2012? <\/strong><\/p>\n","protected":false},"excerpt":{"rendered":"<a href=\"https:\/\/www.caths.cz\/wordpress\/postoupi-nasi-jachtari-do-londyna-na-paralympijske-hry\/\"><img loading=\"lazy\" decoding=\"async\" width=\"100\" height=\"100\" src=\"https:\/\/www.caths.cz\/wordpress\/wp-content\/plugins\/thumbnail-for-excerpts\/tfe_no_thumb.png\" class=\"alignleft wp-post-image tfe\" alt=\"\" title=\"\" \/><\/a><p>Na\u0161e posledn\u00ed anketn\u00ed ot\u00e1zka vygenerovala s 92% jistotou jasn\u00e9 poselstv\u00ed sportovn\u00edm novin\u00e1\u0159\u016fm, redakc\u00edm, server\u016fm \u2013 pi\u0161te v\u00edce o handicapovan\u00fdch sportovc\u00edch! A my jen dod\u00e1v\u00e1me \u2013 oni si to toti\u017e zaslou\u017e\u00ed, [&hellip;]<\/p>\n","protected":false},"author":1,"featured_media":0,"comment_status":"closed","ping_status":"closed","sticky":false,"template":"","format":"standard","meta":{"ngg_post_thumbnail":0,"footnotes":""},"categories":[39],"tags":[],"class_list":["post-1924","post","type-post","status-publish","format-standard","hentry","category-caths-anketa"],"_links":{"self":[{"href":"https:\/\/www.caths.cz\/wordpress\/wp-json\/wp\/v2\/posts\/1924","targetHints":{"allow":["GET"]}}],"collection":[{"href":"https:\/\/www.caths.cz\/wordpress\/wp-json\/wp\/v2\/posts"}],"about":[{"href":"https:\/\/www.caths.cz\/wordpress\/wp-json\/wp\/v2\/types\/post"}],"author":[{"embeddable":true,"href":"https:\/\/www.caths.cz\/wordpress\/wp-json\/wp\/v2\/users\/1"}],"replies":[{"embeddable":true,"href":"https:\/\/www.caths.cz\/wordpress\/wp-json\/wp\/v2\/comments?post=1924"}],"version-history":[{"count":0,"href":"https:\/\/www.caths.cz\/wordpress\/wp-json\/wp\/v2\/posts\/1924\/revisions"}],"wp:attachment":[{"href":"https:\/\/www.caths.cz\/wordpress\/wp-json\/wp\/v2\/media?parent=1924"}],"wp:term":[{"taxonomy":"category","embeddable":true,"href":"https:\/\/www.caths.cz\/wordpress\/wp-json\/wp\/v2\/categories?post=1924"},{"taxonomy":"post_tag","embeddable":true,"href":"https:\/\/www.caths.cz\/wordpress\/wp-json\/wp\/v2\/tags?post=1924"}],"curies":[{"name":"wp","href":"https:\/\/api.w.org\/{rel}","templated":true}]}}