{"id":1920,"date":"2011-06-27T18:05:17","date_gmt":"2011-06-27T17:05:17","guid":{"rendered":"http:\/\/www.caths.cz\/wordpress\/?p=1920"},"modified":"2011-06-27T18:05:17","modified_gmt":"2011-06-27T17:05:17","slug":"atleti-vozickari-splnili-na-mcr-ctrnact-a-limitu","status":"publish","type":"post","link":"https:\/\/www.caths.cz\/wordpress\/atleti-vozickari-splnili-na-mcr-ctrnact-a-limitu\/","title":{"rendered":"Atleti voz\u00ed\u010dk\u00e1\u0159i splnili na M\u010cR \u010dtrn\u00e1ct &quot;A&quot; limit\u016f"},"content":{"rendered":"<p align=\"justify\">Za \u00fa\u010dasti v\u00edce ne\u017e 50 sportovc\u016f prob\u011bhlo uplynul\u00fd v\u00edkend v Nov\u00e9m M\u011bst\u011b nad Metuj\u00ed Mistrovstv\u00ed republiky v atletice. Celkem 9 t\u011blesn\u011b posti\u017een\u00fdch atlet\u016f splnilo &#8222;A&#8220; limit pro letn\u00ed paralympijsk\u00e9 hry v Lond\u00fdn\u011b.<\/p>\n<p align=\"justify\">Mezi \u017eenami se to poda\u0159ilo Ev\u011b Kacanu ve vrhu koul\u00ed v\u00fdkonem 6,17m. V mu\u017esk\u00fdch kategori\u00ed\u00edch si titul Mistr republiky a to hned ve t\u0159ech disciplin\u00e1ch (koule, o\u0161t\u011bp, disk) odvezl Martin N\u011bmec (F55) a v\u0161echny t\u0159i medaile byly oko\u0159en\u011bny spln\u011bn\u00fdm limitem A. <br \/> Dvojn\u00e1sobn\u00fdm dr\u017eitelem titulu se stali Ros\u0165a Pohlmann (F57) v disciplin\u00e1ch o\u0161t\u011bp, disk. Ve stejn\u00fdch disciplin\u00e1ch v kategorii F56 zv\u00edt\u011bzil Pepa \u0160tiak. Mezi kategoriemi kvadruplegik\u016f se nejv\u00edce prosadili a titul Mistra republiky si odv\u00e1\u017eej\u00ed Martin Zvol\u00e1nek v disku,Jan Van\u011bk v ku\u017eelce a Ale\u0161 Kis\u00fd v kouli. <br \/> Sice bez titulu, ale se spln\u011bn\u00fdm limitem A odjeli z M\u010cR i Milan Bl\u00e1ha s v\u00fdkonem v kouli, Franti\u0161ek P\u00fcrgl v disku a Martin Zvol\u00e1nek v ku\u017eelce.<\/p>\n<p> V\u00fdsledky atlet\u016f voz\u00ed\u010dk\u00e1\u0159\u016f naleznete <a href=\"http:\/\/www.skmoravia.cz\/atletika\/ostatni\/MCR11.htm\" target=\"_blank\"> zde<\/a><\/p>\n<p> Kompletn\u00ed v\u00fdsledky ke sta\u017een\u00ed <a href=\"http:\/\/www.caths.cz\/storage\/atletika\/mcr_atletika2011.pdf\" target=\"_blank\"> zde<\/a> <\/p>\n<p> Zpr\u00e1vu po\u0159adatele naleznete <a href=\"http:\/\/www.caths.cz\/storage\/sekretarky\/MCR SKNMnM.doc\" target=\"_blank\"> zde<\/a><\/p>\n","protected":false},"excerpt":{"rendered":"<a href=\"https:\/\/www.caths.cz\/wordpress\/atleti-vozickari-splnili-na-mcr-ctrnact-a-limitu\/\"><img loading=\"lazy\" decoding=\"async\" width=\"100\" height=\"100\" src=\"https:\/\/www.caths.cz\/wordpress\/wp-content\/plugins\/thumbnail-for-excerpts\/tfe_no_thumb.png\" class=\"alignleft wp-post-image tfe\" alt=\"\" title=\"\" \/><\/a><p>Za \u00fa\u010dasti v\u00edce ne\u017e 50 sportovc\u016f prob\u011bhlo uplynul\u00fd v\u00edkend v Nov\u00e9m M\u011bst\u011b nad Metuj\u00ed Mistrovstv\u00ed republiky v atletice. Celkem 9 t\u011blesn\u011b posti\u017een\u00fdch atlet\u016f splnilo &#8222;A&#8220; limit pro letn\u00ed paralympijsk\u00e9 hry [&hellip;]<\/p>\n","protected":false},"author":1,"featured_media":0,"comment_status":"closed","ping_status":"closed","sticky":false,"template":"","format":"standard","meta":{"ngg_post_thumbnail":0,"footnotes":""},"categories":[5],"tags":[],"class_list":["post-1920","post","type-post","status-publish","format-standard","hentry","category-atletika"],"_links":{"self":[{"href":"https:\/\/www.caths.cz\/wordpress\/wp-json\/wp\/v2\/posts\/1920","targetHints":{"allow":["GET"]}}],"collection":[{"href":"https:\/\/www.caths.cz\/wordpress\/wp-json\/wp\/v2\/posts"}],"about":[{"href":"https:\/\/www.caths.cz\/wordpress\/wp-json\/wp\/v2\/types\/post"}],"author":[{"embeddable":true,"href":"https:\/\/www.caths.cz\/wordpress\/wp-json\/wp\/v2\/users\/1"}],"replies":[{"embeddable":true,"href":"https:\/\/www.caths.cz\/wordpress\/wp-json\/wp\/v2\/comments?post=1920"}],"version-history":[{"count":0,"href":"https:\/\/www.caths.cz\/wordpress\/wp-json\/wp\/v2\/posts\/1920\/revisions"}],"wp:attachment":[{"href":"https:\/\/www.caths.cz\/wordpress\/wp-json\/wp\/v2\/media?parent=1920"}],"wp:term":[{"taxonomy":"category","embeddable":true,"href":"https:\/\/www.caths.cz\/wordpress\/wp-json\/wp\/v2\/categories?post=1920"},{"taxonomy":"post_tag","embeddable":true,"href":"https:\/\/www.caths.cz\/wordpress\/wp-json\/wp\/v2\/tags?post=1920"}],"curies":[{"name":"wp","href":"https:\/\/api.w.org\/{rel}","templated":true}]}}