{"id":1919,"date":"2011-06-24T10:24:16","date_gmt":"2011-06-24T09:24:16","guid":{"rendered":"http:\/\/www.caths.cz\/wordpress\/?p=1919"},"modified":"2011-06-24T10:24:16","modified_gmt":"2011-06-24T09:24:16","slug":"jachtarske-mistrovstvi-sveta-se-blizi","status":"publish","type":"post","link":"https:\/\/www.caths.cz\/wordpress\/jachtarske-mistrovstvi-sveta-se-blizi\/","title":{"rendered":"Jachta\u0159sk\u00e9 mistrovstv\u00ed sv\u011bta se bl\u00ed\u017e\u00ed"},"content":{"rendered":"<p align=\"justify\">Tento v\u00edkend odj\u00ed\u017ed\u00ed na\u0161e reprezenta\u010dn\u00ed dru\u017estvo Alexander Sad\u00edlek a Daniel B\u00edna &#8211; na mistrovstv\u00ed sv\u011bta, kter\u00e9 se kon\u00e1 ve<br \/>\nWeymouthu\/Portlandu &#8211; d\u011bji\u0161ti olympijsk\u00fdch her 2012.<\/p>\n<p align=\"justify\"> Toto mistrovstv\u00ed sv\u011bta je rovn\u011b\u017e pro n\u00e1\u0161 t\u00fdm z\u00e1vodem nomina\u010dn\u00edm na paralympi\u00e1du &#8211; dr\u017eme tady palce. Z\u00e1vodn\u00edky doprov\u00e1z\u00ed samoz\u0159ejm\u011b i podp\u016frn\u00fd t\u00fdm reprezentace, Eva Sko\u0159epov\u00e1 jako tren\u00e9r , Viktor Sad\u00edlek a Ladislav B\u00edna jako technick\u00fd doprovod.<br \/> Prvn\u00ed t\u00fdden bude prob\u00edhat tr\u00e9nink na vod\u011b, studium pov\u011btrnostn\u00ed situace atp., dal\u0161\u00ed dny pak registrace, m\u011b\u0159en\u00ed lod\u00ed a plachet. Prvn\u00ed rozj\u00ed\u017e\u010fky jsou pl\u00e1nov\u00e1ny na pond\u011bl\u00ed 1. \u010dervence 2011.<\/p>\n<p> Cel\u00fd pr\u016fbeh z\u00e1vodu, fotky a videa m\u016f\u017eete sledovat <a href=\"http:\/\/www.ifdsworlds2011.com\" target=\"_blank\"> zde<\/a> <\/p>\n","protected":false},"excerpt":{"rendered":"<a href=\"https:\/\/www.caths.cz\/wordpress\/jachtarske-mistrovstvi-sveta-se-blizi\/\"><img loading=\"lazy\" decoding=\"async\" width=\"100\" height=\"100\" src=\"https:\/\/www.caths.cz\/wordpress\/wp-content\/plugins\/thumbnail-for-excerpts\/tfe_no_thumb.png\" class=\"alignleft wp-post-image tfe\" alt=\"\" title=\"\" \/><\/a><p>Tento v\u00edkend odj\u00ed\u017ed\u00ed na\u0161e reprezenta\u010dn\u00ed dru\u017estvo Alexander Sad\u00edlek a Daniel B\u00edna &#8211; na mistrovstv\u00ed sv\u011bta, kter\u00e9 se kon\u00e1 ve Weymouthu\/Portlandu &#8211; d\u011bji\u0161ti olympijsk\u00fdch her 2012. Toto mistrovstv\u00ed sv\u011bta je rovn\u011b\u017e [&hellip;]<\/p>\n","protected":false},"author":1,"featured_media":0,"comment_status":"closed","ping_status":"closed","sticky":false,"template":"","format":"standard","meta":{"ngg_post_thumbnail":0,"footnotes":""},"categories":[11],"tags":[],"class_list":["post-1919","post","type-post","status-publish","format-standard","hentry","category-jachting"],"_links":{"self":[{"href":"https:\/\/www.caths.cz\/wordpress\/wp-json\/wp\/v2\/posts\/1919","targetHints":{"allow":["GET"]}}],"collection":[{"href":"https:\/\/www.caths.cz\/wordpress\/wp-json\/wp\/v2\/posts"}],"about":[{"href":"https:\/\/www.caths.cz\/wordpress\/wp-json\/wp\/v2\/types\/post"}],"author":[{"embeddable":true,"href":"https:\/\/www.caths.cz\/wordpress\/wp-json\/wp\/v2\/users\/1"}],"replies":[{"embeddable":true,"href":"https:\/\/www.caths.cz\/wordpress\/wp-json\/wp\/v2\/comments?post=1919"}],"version-history":[{"count":0,"href":"https:\/\/www.caths.cz\/wordpress\/wp-json\/wp\/v2\/posts\/1919\/revisions"}],"wp:attachment":[{"href":"https:\/\/www.caths.cz\/wordpress\/wp-json\/wp\/v2\/media?parent=1919"}],"wp:term":[{"taxonomy":"category","embeddable":true,"href":"https:\/\/www.caths.cz\/wordpress\/wp-json\/wp\/v2\/categories?post=1919"},{"taxonomy":"post_tag","embeddable":true,"href":"https:\/\/www.caths.cz\/wordpress\/wp-json\/wp\/v2\/tags?post=1919"}],"curies":[{"name":"wp","href":"https:\/\/api.w.org\/{rel}","templated":true}]}}